{"id":124,"date":"2014-01-09T13:25:18","date_gmt":"2014-01-09T13:25:18","guid":{"rendered":"https:\/\/codexflores.ch\/index.php\/2014\/01\/09\/don-giovanni-aus-baden-baden\/"},"modified":"2014-01-09T13:25:18","modified_gmt":"2014-01-09T13:25:18","slug":"don-giovanni-aus-baden-baden","status":"publish","type":"post","link":"https:\/\/codexflores.ch\/index.php\/2014\/01\/09\/don-giovanni-aus-baden-baden\/","title":{"rendered":"Don Giovanni aus Baden-Baden"},"content":{"rendered":"<p><span class=\"txt-m-black\"><img decoding=\"async\" src=\"http:\/\/212.60.37.143\/bilder\/2012\/120720dongiovanni.jpg\" border=\"0\" align=\"left\" \/><em>20.07.2012 &#8212;<\/em> Das Festspielhaus Baden-Baden, nach Eigendefinition die \u00aberste privat finanzierte Kulturinstitution Europas\u00bb, muss sich etwas einfallen lassen, um \u00fcber die Runden zu kommen. Da gibt\u2019s Winter-, Pfingst-, Sommer- und Herbstfestspiele und dank Verhandlungsgeschick (und Dissonanzen in Salzburg) wird es ab 2013 auch Osterfestspiele mit den Berliner Philharmonikern geben. <\/p>\n<p> Regelm\u00e4ssig muss da Spektakul\u00e4res geboten werden: So schloss im Juli 2011 das Haus seine Saison denn auch mit einer konzertanten \u00abDon Giovanni\u00bb-Auff\u00fchrung ab, deren s\u00e4ngerische Besetzung wie ein Who is Who der popul\u00e4rsten Weltstars anmutet: Diana Damrau, Joyce DiDonato, Mojca Erdmann, Rolando Villaz\u00f3n, Ildebrando D\u2019Arcangelo, Luca Pisaroni, Vitalij Kowaljow und Konstantin Wolff gaben sich die Ehre. <\/p>\n<p> Es dirigierte der 37-j\u00e4hrige Kanadier Yannick N\u00e9zet-S\u00e9guin, der gerade die Leitung des Philadelphia Orchestras \u00fcbernimmt und zudem unter die Fittiche der Deutschen Grammophon genommen worden ist. Er soll offenbar zum musikalischen <em>Global Leader<\/em> einer j\u00fcngeren Generation aufgebaut werden. Als Orchester stand ihm in Baden-Baden f\u00fcr die Mozart-Oper das Mahler Chamber Orchestra zur Verf\u00fcgung. <\/p>\n<p> Das Ensemble habe unter Claudio Abbado und Daniel Harding den \u00abDon Giovanni\u00bb schon ein halbes Hundert mal gespielt, steht im Booklet, N\u00e9zet-S\u00e9guin entwickle aber neue Tempi, einen volleren Sound und eine \u00abgrossformatige\u00bb Akustik. Die Charakterisierung scheint nicht ganz falsch, Man hat allerdings den Eindruck eines fl\u00e4chigen, streckenweise atemlosen und knalligen Klanges, dem der Charme des Theatralischen eher fehlt. Wer Mozart-Opern lieber in tiefenscharfem, feingezeichnetem kammermusikalischem Stil mag, wird hier kaum auf die Rechnung kommen. <\/p>\n<p> Die Idee zum Mozart-Zyklus gehe auf einen Wunsch Rolando Villaz\u00f3ns zur\u00fcck, der sich offenbar durch alle Stile hindurchtastet und zwischen Barockem, Popul\u00e4rem und Klassischem hin- und herschwankt, um endlich seine s\u00e4ngerische Heimat zu finden. Sein Don Ottavio vermag durchaus zu gefallen. Ildebrando d\u2019Arcangelos Don Giovanni hingegen wirkt immer mal wieder forciert-volumin\u00f6s, Mojca Erdmann daf\u00fcr als Zerlina streckenweise etwas spitz oder eindimensional. Die Einspielung des Zyklus als Referenzaufnahme mit demjenigen B\u00f6hms aus den 1960- und 70er-Jahre zu vergleichen, wie dies die Deutsche Grammophon tut, bleibt damit vorerst zumindest sehr ambitioniert. <\/p>\n<p> Bereits ist vor einigen Tagen die zweite Mozart-Oper \u00fcber die Baden-Badener B\u00fchne gegangen: \u00abCos\u00ed fan tutte\u00bb, mit dem Chamber Orchestra of Europe und erneut mit Rolando Villaz\u00f3n und Mojca Erdmann. Mit Adam Plachetka, Alessandro Corbelli, Angela Brower und Miah Perssons sind dazu eher der Fachwelt und weniger dem breiten Publikum bekannte Interpreten zu h\u00f6ren, ein Line-up wie dasjenige des \u00abDon Giovanni\u00bb l\u00e4sst sich vermutlich weder finanziell noch terminlich durchziehen. Das Orchester ist eine Gr\u00fcndung ehemaliger Mitglieder des European Community Youth Orchestra (ECYO). Das ECYO war wie das Mahler Chamber Orchestra eine Gr\u00fcndung Claudio Abbados. <em>(wb)<\/em><\/p>\n<p> <em><span class=\"txt-s-black\" style=\"font-size: x-small;\">Mozart: Don Giovanni. Mahler Chamber Orchestra, Yannick N\u00e9zet-S\u00e9guin (Leitung), Ildebrando D&#8217;Arcangelo, Rolando Villaz\u00f3n, Diana Damrau, Mojca Erdmann, Luca Pisaroni, Joyce DiDonato, Aufnahme aus dem Festspielhaus Baden-Baden. 3 CD, Deutsche Grammophon\/Universal, Best.-Nr. 477 9878 <\/span><\/em><\/span><\/p>\n","protected":false},"excerpt":{"rendered":"<p>20.07.2012 &#8212; Das Festspielhaus Baden-Baden, nach Eigendefinition die \u00aberste privat finanzierte Kulturinstitution Europas\u00bb, muss sich etwas einfallen lassen, um \u00fcber&#8230;<\/p>\n","protected":false},"author":1,"featured_media":0,"comment_status":"open","ping_status":"open","sticky":false,"template":"","format":"standard","meta":{"footnotes":""},"categories":[4],"tags":[],"class_list":["post-124","post","type-post","status-publish","format-standard","hentry","category-im-gespraech","entry"],"_links":{"self":[{"href":"https:\/\/codexflores.ch\/index.php\/wp-json\/wp\/v2\/posts\/124","targetHints":{"allow":["GET"]}}],"collection":[{"href":"https:\/\/codexflores.ch\/index.php\/wp-json\/wp\/v2\/posts"}],"about":[{"href":"https:\/\/codexflores.ch\/index.php\/wp-json\/wp\/v2\/types\/post"}],"author":[{"embeddable":true,"href":"https:\/\/codexflores.ch\/index.php\/wp-json\/wp\/v2\/users\/1"}],"replies":[{"embeddable":true,"href":"https:\/\/codexflores.ch\/index.php\/wp-json\/wp\/v2\/comments?post=124"}],"version-history":[{"count":0,"href":"https:\/\/codexflores.ch\/index.php\/wp-json\/wp\/v2\/posts\/124\/revisions"}],"wp:attachment":[{"href":"https:\/\/codexflores.ch\/index.php\/wp-json\/wp\/v2\/media?parent=124"}],"wp:term":[{"taxonomy":"category","embeddable":true,"href":"https:\/\/codexflores.ch\/index.php\/wp-json\/wp\/v2\/categories?post=124"},{"taxonomy":"post_tag","embeddable":true,"href":"https:\/\/codexflores.ch\/index.php\/wp-json\/wp\/v2\/tags?post=124"}],"curies":[{"name":"wp","href":"https:\/\/api.w.org\/{rel}","templated":true}]}}