{"id":1241,"date":"2014-02-21T06:59:06","date_gmt":"2014-02-21T06:59:06","guid":{"rendered":"https:\/\/codexflores.ch\/index.php\/2014\/02\/21\/eva-wagner-pasquier-zieht-isch-aus-bayreuth-zurueck\/"},"modified":"2014-02-21T06:59:06","modified_gmt":"2014-02-21T06:59:06","slug":"eva-wagner-pasquier-zieht-isch-aus-bayreuth-zurueck","status":"publish","type":"post","link":"https:\/\/codexflores.ch\/index.php\/2014\/02\/21\/eva-wagner-pasquier-zieht-isch-aus-bayreuth-zurueck\/","title":{"rendered":"Eva Wagner-Pasquier zieht sich aus Bayreuth zur\u00fcck"},"content":{"rendered":"<p>21.02.2014 &#8212; Eva Wagner-Pasquier zieht sich aus der Leitung der Bayreuther Festspiele zur\u00fcck. Wie der Nordbayerische Kurier vermeldet, wird sie ab September 2015 lediglich noch als Beraterin t\u00e4tig sein.<\/p>\n<p><strong>21.02.2014 &#8212; Eva Wagner-Pasquier zieht sich aus der Leitung der Bayreuther Festspiele zur\u00fcck. Wie der Nordbayerische Kurier vermeldet, wird sie ab September 2015 lediglich noch als Beraterin t\u00e4tig sein.<\/strong><\/p>\n<p>\u00a0<\/p>\n<p>Eva Wagner-Pasquier leitert die Bayreuther Festspiele gemeinsam mit ihrer Halbschwester Katharina Wagner seit September 2008. Laut Nordbayerischem Kurier fiel die Entscheidung zum R\u00fcckzug in einem Gespr\u00e4ch mit Toni Schmid, dem Chef des Verwaltungsrats der Festspiele. Gr\u00fcnde f\u00fcr den Schritt hat Eva Wagner-Pasquier bislang keine angegeben.<\/p>\n<p>\u00a0<\/p>\n<p>Eva Wagner-Pasquier ist direkte Nachfahrin von Franz Liszt und Urenkelin von Richard Wagner. Sie ist die Tochter von Wolfgang Wagner und seiner ersten Frau Ellen Drexel. <em>(cf)<\/em><\/p>\n<p>\u00a0<\/p>\n<p>\u00a0<\/p>\n<p>\u00a0<\/p>\n","protected":false},"excerpt":{"rendered":"<p>21.02.2014 &#8212; Eva Wagner-Pasquier zieht sich aus der Leitung der Bayreuther Festspiele zur\u00fcck. Wie der Nordbayerische Kurier vermeldet, wird sie ab September 2015 lediglich noch als Beraterin t\u00e4tig sein.<\/p>\n","protected":false},"author":1,"featured_media":0,"comment_status":"open","ping_status":"open","sticky":false,"template":"","format":"standard","meta":{"footnotes":""},"categories":[2],"tags":[],"class_list":["post-1241","post","type-post","status-publish","format-standard","hentry","category-nachrichten","entry"],"_links":{"self":[{"href":"https:\/\/codexflores.ch\/index.php\/wp-json\/wp\/v2\/posts\/1241","targetHints":{"allow":["GET"]}}],"collection":[{"href":"https:\/\/codexflores.ch\/index.php\/wp-json\/wp\/v2\/posts"}],"about":[{"href":"https:\/\/codexflores.ch\/index.php\/wp-json\/wp\/v2\/types\/post"}],"author":[{"embeddable":true,"href":"https:\/\/codexflores.ch\/index.php\/wp-json\/wp\/v2\/users\/1"}],"replies":[{"embeddable":true,"href":"https:\/\/codexflores.ch\/index.php\/wp-json\/wp\/v2\/comments?post=1241"}],"version-history":[{"count":0,"href":"https:\/\/codexflores.ch\/index.php\/wp-json\/wp\/v2\/posts\/1241\/revisions"}],"wp:attachment":[{"href":"https:\/\/codexflores.ch\/index.php\/wp-json\/wp\/v2\/media?parent=1241"}],"wp:term":[{"taxonomy":"category","embeddable":true,"href":"https:\/\/codexflores.ch\/index.php\/wp-json\/wp\/v2\/categories?post=1241"},{"taxonomy":"post_tag","embeddable":true,"href":"https:\/\/codexflores.ch\/index.php\/wp-json\/wp\/v2\/tags?post=1241"}],"curies":[{"name":"wp","href":"https:\/\/api.w.org\/{rel}","templated":true}]}}