{"id":1247,"date":"2014-02-24T07:18:02","date_gmt":"2014-02-24T07:18:02","guid":{"rendered":"https:\/\/codexflores.ch\/index.php\/2014\/02\/24\/designierter-intendant-in-dresden-fristlos-gekuendigt\/"},"modified":"2014-02-24T07:18:02","modified_gmt":"2014-02-24T07:18:02","slug":"designierter-intendant-in-dresden-fristlos-gekuendigt","status":"publish","type":"post","link":"https:\/\/codexflores.ch\/index.php\/2014\/02\/24\/designierter-intendant-in-dresden-fristlos-gekuendigt\/","title":{"rendered":"Designierter Intendant in Dresden fristlos gek\u00fcndigt"},"content":{"rendered":"<p>24.02.2014 &#8212; Sachsens Kulturministerin Sabine von Schorlemer hat Serge Dorny, den designierten Intendanten der Semperoper, fristlos gek\u00fcndigt. Als Grund werden angeblich mangelnde Kommunikationsf\u00e4higkeiten des Geschassten angegeben. Die Zeitung \u00abDie Welt\u00bb glaubt zu wissen, dass hinter dem Rausschmiss mangelnde Kompetenzabgrenzungen mit dem Chefdirigenten Christian Thielemann stecken.<\/p>\n<p><strong>24.02.2014 &#8212; Sachsens Kulturministerin Sabine von Schorlemer hat Serge Dorny, den designierten Intendanten der Semperoper, fristlos gek\u00fcndigt. Als Grund werden angeblich mangelnde Kommunikationsf\u00e4higkeiten des Geschassten angegeben. Die Zeitung \u00abDie Welt\u00bb glaubt zu wissen, dass hinter dem Rausschmiss mangelnde Kompetenzabgrenzungen mit dem Chefdirigenten Christian Thielemann stecken.<\/strong><\/p>\n<p>\u00a0<\/p>\n<p>Wie Manuel Brug in \u00abDie Welt\u00bb schreibt, seien Dorny mit \u00abHinweis auf Vertraulichkeit Einsicht in Thielemanns Kompetenzen verwehrt\u00bb worden. Er habe sich diese m\u00fchsam selber erschliessen m\u00fcssen und dabei festgestellt, dass er zwar formell Entscheidungsrecht \u00fcber den Spielplan und Engagements habe, Thielemann jedoch \u00fcber die Staatskapelle und \u00fcber deren Premieren frei verf\u00fcgen k\u00f6nne. Unter diesen Umst\u00e4nden h\u00e4tte er den Posten nicht angetreten.<\/p>\n<p>\u00a0<\/p>\n<p>Falls Dornys Aussagen zutr\u00e4fen, d\u00fcrften laut Brug \u00abdie Chancen f\u00fcr Christian Thielemann als Nachfolger von Simon Rattle bei den Berliner Philharmonikern rapide gesunken sein\u00bb. Er habe \u00abinzwischen von N\u00fcrnberg \u00fcber <span class=\"te\">Berlin<\/span> und <span class=\"te\">M\u00fcnchen<\/span> und nun wohlm\u00f6glich bereits auch Dresden eine verheerende Spur von Leitungskatastrophen hinter sich hergezogen\u00bb. <em>(cf)<\/em><\/p>\n<p>\u00a0<\/p>\n<p>Originalartikel:<\/p>\n<p><a href=\"http:\/\/www.welt.de\/print\/die_welt\/kultur\/article125134314\/Kein-Gott-neben-Thielemann.html\" target=\"_blank\" rel=\"noopener noreferrer\">www.welt.de\/print\/die_welt\/kultur\/article125134314\/Kein-Gott-neben-Thielemann.html<\/a><\/p>\n<p>\u00a0<\/p>\n<p>\u00a0<\/p>\n","protected":false},"excerpt":{"rendered":"<p>24.02.2014 &#8212; Sachsens Kulturministerin Sabine von Schorlemer hat Serge Dorny, den designierten Intendanten der Semperoper, fristlos gek\u00fcndigt. Als Grund werden angeblich mangelnde Kommunikationsf\u00e4higkeiten des Geschassten angegeben. Die Zeitung \u00abDie Welt\u00bb glaubt zu wissen, dass hinter dem Rausschmiss mangelnde Kompetenzabgrenzungen mit dem Chefdirigenten Christian Thielemann stecken.<\/p>\n","protected":false},"author":1,"featured_media":0,"comment_status":"open","ping_status":"open","sticky":false,"template":"","format":"standard","meta":{"footnotes":""},"categories":[2],"tags":[],"class_list":["post-1247","post","type-post","status-publish","format-standard","hentry","category-nachrichten","entry"],"_links":{"self":[{"href":"https:\/\/codexflores.ch\/index.php\/wp-json\/wp\/v2\/posts\/1247","targetHints":{"allow":["GET"]}}],"collection":[{"href":"https:\/\/codexflores.ch\/index.php\/wp-json\/wp\/v2\/posts"}],"about":[{"href":"https:\/\/codexflores.ch\/index.php\/wp-json\/wp\/v2\/types\/post"}],"author":[{"embeddable":true,"href":"https:\/\/codexflores.ch\/index.php\/wp-json\/wp\/v2\/users\/1"}],"replies":[{"embeddable":true,"href":"https:\/\/codexflores.ch\/index.php\/wp-json\/wp\/v2\/comments?post=1247"}],"version-history":[{"count":0,"href":"https:\/\/codexflores.ch\/index.php\/wp-json\/wp\/v2\/posts\/1247\/revisions"}],"wp:attachment":[{"href":"https:\/\/codexflores.ch\/index.php\/wp-json\/wp\/v2\/media?parent=1247"}],"wp:term":[{"taxonomy":"category","embeddable":true,"href":"https:\/\/codexflores.ch\/index.php\/wp-json\/wp\/v2\/categories?post=1247"},{"taxonomy":"post_tag","embeddable":true,"href":"https:\/\/codexflores.ch\/index.php\/wp-json\/wp\/v2\/tags?post=1247"}],"curies":[{"name":"wp","href":"https:\/\/api.w.org\/{rel}","templated":true}]}}