{"id":1252,"date":"2014-02-26T07:13:34","date_gmt":"2014-02-26T07:13:34","guid":{"rendered":"https:\/\/codexflores.ch\/index.php\/2014\/02\/26\/tod-des-schweizer-chorleiters-andre-charlet\/"},"modified":"2014-02-26T07:13:34","modified_gmt":"2014-02-26T07:13:34","slug":"tod-des-schweizer-chorleiters-andre-charlet","status":"publish","type":"post","link":"https:\/\/codexflores.ch\/index.php\/2014\/02\/26\/tod-des-schweizer-chorleiters-andre-charlet\/","title":{"rendered":"Tod des Schweizer Chorleiters Andr\u00e9 Charlet"},"content":{"rendered":"<p>26.02.2014 &#8212; Der Waadtl\u00e4nder Chorleiter und Gr\u00fcnder der Schubertiade Andr\u00e9 Charlet, der zwischen 1970 und 1993 auch die Chorleiterausbildung am Konservatorium Z\u00fcrich leitete, ist im Alter von 87 Jahren den Folgen einer Krebserkankung erlegen.<\/p>\n<p>\u00a0<\/p>\n<p><strong>26.02.2014 &#8212; Der Waadtl\u00e4nder Chorleiter und Gr\u00fcnder der Schubertiade Andr\u00e9 Charlet, der zwischen 1970 und 1993 auch die Chorleiterausbildung am Konservatorium Z\u00fcrich leitete, ist im Alter von 87 Jahren den Folgen einer Krebserkankung erlegen.<\/strong><\/p>\n<p>\u00a0<\/p>\n<p>Charlet pr\u00e4gte als Leiter von Ch\u00f6ren wie La Chorale du Brassus, der Basler Liedertafel und dem Chor von Radio Suisse Romande die Schweizer Chorszene entscheidend mit. 1947 gr\u00fcndete er den Choeur des jeunes de Lausanne, der zehn Jahre sp\u00e4ter in Ensemble Pro Arte umgetauft wurde.\u00a0La Chorale du Brassus dirgierte er ab 1951. Mit dem Ensemble reiste er f\u00fcr Konzerte bis nach Hongkong.<\/p>\n<p>\u00a0<\/p>\n<p>Das Welschschweizer Radio RTS w\u00fcrdigt Charlet in einem Nachruf als unkomplizierten und bescheidenen Musiker, der auch als Radiomensch die Schweizer Musikszene stark beeinflusste. 1978 gr\u00fcndete er in Champvent das wichtige Welschschweizer Festival Schubertiade, das 2013 in Monthey letztmals \u00fcber die B\u00fchne gegangen ist. <em>(cf)\u00a0<\/em><\/p>\n<p>\u00a0<\/p>\n<p>\u00a0<\/p>\n","protected":false},"excerpt":{"rendered":"<p>26.02.2014 &#8212; Der Waadtl\u00e4nder Chorleiter und Gr\u00fcnder der Schubertiade Andr\u00e9 Charlet, der zwischen 1970 und 1993 auch die Chorleiterausbildung am Konservatorium Z\u00fcrich leitete, ist im Alter von 87 Jahren den Folgen einer Krebserkankung erlegen.<\/p>\n","protected":false},"author":1,"featured_media":0,"comment_status":"open","ping_status":"open","sticky":false,"template":"","format":"standard","meta":{"footnotes":""},"categories":[2],"tags":[],"class_list":["post-1252","post","type-post","status-publish","format-standard","hentry","category-nachrichten","entry"],"_links":{"self":[{"href":"https:\/\/codexflores.ch\/index.php\/wp-json\/wp\/v2\/posts\/1252","targetHints":{"allow":["GET"]}}],"collection":[{"href":"https:\/\/codexflores.ch\/index.php\/wp-json\/wp\/v2\/posts"}],"about":[{"href":"https:\/\/codexflores.ch\/index.php\/wp-json\/wp\/v2\/types\/post"}],"author":[{"embeddable":true,"href":"https:\/\/codexflores.ch\/index.php\/wp-json\/wp\/v2\/users\/1"}],"replies":[{"embeddable":true,"href":"https:\/\/codexflores.ch\/index.php\/wp-json\/wp\/v2\/comments?post=1252"}],"version-history":[{"count":0,"href":"https:\/\/codexflores.ch\/index.php\/wp-json\/wp\/v2\/posts\/1252\/revisions"}],"wp:attachment":[{"href":"https:\/\/codexflores.ch\/index.php\/wp-json\/wp\/v2\/media?parent=1252"}],"wp:term":[{"taxonomy":"category","embeddable":true,"href":"https:\/\/codexflores.ch\/index.php\/wp-json\/wp\/v2\/categories?post=1252"},{"taxonomy":"post_tag","embeddable":true,"href":"https:\/\/codexflores.ch\/index.php\/wp-json\/wp\/v2\/tags?post=1252"}],"curies":[{"name":"wp","href":"https:\/\/api.w.org\/{rel}","templated":true}]}}