{"id":1257,"date":"2014-02-27T07:47:05","date_gmt":"2014-02-27T07:47:05","guid":{"rendered":"https:\/\/codexflores.ch\/index.php\/2014\/02\/27\/roms-oper-vor-schwierigen-zeiten\/"},"modified":"2014-02-27T07:47:05","modified_gmt":"2014-02-27T07:47:05","slug":"roms-oper-vor-schwierigen-zeiten","status":"publish","type":"post","link":"https:\/\/codexflores.ch\/index.php\/2014\/02\/27\/roms-oper-vor-schwierigen-zeiten\/","title":{"rendered":"Roms Oper vor schwierigen Zeiten"},"content":{"rendered":"<p class=\"big-text\"><span style=\"font-family: arial,helvetica,sans-serif; font-size: small;\">27.02.2014 &#8212; Riccardo Muti will sie verlassen, der R\u00f6mer B\u00fcrgermeister sie schliessen und die Gewerkschaften wollen sie heute bestreiken: Die serbelnde Opera di Roma hat wahrlich schon glanzvollere Zeiten erlebt. Nun geht&#8217;s im politischen Kampf hart auf hart.<\/span><\/p>\n<p class=\"big-text\"><strong><span style=\"font-family: arial,helvetica,sans-serif; font-size: small;\"><span style=\"font-family: arial,helvetica,sans-serif; font-size: small;\">27.02.2014 &#8212; Riccardo Muti will sie verlassen, der R\u00f6mer B\u00fcrgermeister sie schliessen und die Gewerkschaften wollen sie heute bestreiken: Die serbelnde Opera di Roma hat wahrlich schon glanzvollere Zeiten erlebt. Nun geht&#8217;s im politischen Kampf hart auf hart.<\/span><\/span><\/strong><\/p>\n<p>\u00a0<\/p>\n<p><span style=\"font-family: arial,helvetica,sans-serif; font-size: small;\">Nach der Streikdrohung der Gewerkschaften droht der musikalische Leiter Riccardo Muti, dem Haus den R\u00fccken zu kehren. Falls die Drohungen wahrgemacht w\u00fcrden, will der R\u00f6mer B\u00fcrgermeister Ignazio Marino das Haus, das zur Zeit mit einem Rettungsplan unter Spezialaufsicht steht, aber ohnehin gleich ganz schliessen. <\/span><\/p>\n<p><span style=\"font-size: small; font-family: arial,helvetica,sans-serif;\">Bestreikt werden soll namentlich\u00a0 die <span style=\"font-family: arial,helvetica,sans-serif; font-size: small;\"><em>Manon-Lescaut-<\/em><\/span>Premiere von heute mit Anna Netrebko in der Titelrolle.\u00a0Die Gewerkschaft wendet sich damit gegen einen bereits aufgegleisten Rettungsplan, mit dem ein Ausweg aus dem 29-Millionen-Euro-Schuldenloch der Oper gefunden werden soll. Ein Teil soll mit einer Reduktion der Mitarbeiterzahl erreicht werden. <em>(cf)<\/em><\/span><\/p>\n","protected":false},"excerpt":{"rendered":"<p class=\"big-text\"><span style=\"font-family: arial,helvetica,sans-serif; font-size: small;\">27.02.2014 &#8212; Riccardo Muti will sie verlassen, der R\u00f6mer B\u00fcrgermeister sie schliessen und die Gewerkschaften wollen sie heute bestreiken: Die serbelnde Opera di Roma hat wahrlich schon glanzvollere Zeiten erlebt. Nun geht&#8217;s im politischen Kampf hart auf hart.<\/span><\/p>\n","protected":false},"author":1,"featured_media":0,"comment_status":"open","ping_status":"open","sticky":false,"template":"","format":"standard","meta":{"footnotes":""},"categories":[2],"tags":[],"class_list":["post-1257","post","type-post","status-publish","format-standard","hentry","category-nachrichten","entry"],"_links":{"self":[{"href":"https:\/\/codexflores.ch\/index.php\/wp-json\/wp\/v2\/posts\/1257","targetHints":{"allow":["GET"]}}],"collection":[{"href":"https:\/\/codexflores.ch\/index.php\/wp-json\/wp\/v2\/posts"}],"about":[{"href":"https:\/\/codexflores.ch\/index.php\/wp-json\/wp\/v2\/types\/post"}],"author":[{"embeddable":true,"href":"https:\/\/codexflores.ch\/index.php\/wp-json\/wp\/v2\/users\/1"}],"replies":[{"embeddable":true,"href":"https:\/\/codexflores.ch\/index.php\/wp-json\/wp\/v2\/comments?post=1257"}],"version-history":[{"count":0,"href":"https:\/\/codexflores.ch\/index.php\/wp-json\/wp\/v2\/posts\/1257\/revisions"}],"wp:attachment":[{"href":"https:\/\/codexflores.ch\/index.php\/wp-json\/wp\/v2\/media?parent=1257"}],"wp:term":[{"taxonomy":"category","embeddable":true,"href":"https:\/\/codexflores.ch\/index.php\/wp-json\/wp\/v2\/categories?post=1257"},{"taxonomy":"post_tag","embeddable":true,"href":"https:\/\/codexflores.ch\/index.php\/wp-json\/wp\/v2\/tags?post=1257"}],"curies":[{"name":"wp","href":"https:\/\/api.w.org\/{rel}","templated":true}]}}