{"id":1258,"date":"2014-02-28T07:18:40","date_gmt":"2014-02-28T07:18:40","guid":{"rendered":"https:\/\/codexflores.ch\/index.php\/2014\/02\/28\/kurzfristige-einigung-in-rom-rettet-manon-lescaut-premiere\/"},"modified":"2014-02-28T07:18:40","modified_gmt":"2014-02-28T07:18:40","slug":"kurzfristige-einigung-in-rom-rettet-manon-lescaut-premiere","status":"publish","type":"post","link":"https:\/\/codexflores.ch\/index.php\/2014\/02\/28\/kurzfristige-einigung-in-rom-rettet-manon-lescaut-premiere\/","title":{"rendered":"Kurzfristige Einigung in Rom rettet Manon-Lescaut-Premiere"},"content":{"rendered":"<p><span style=\"font-family: arial,helvetica,sans-serif; font-size: small;\">28.02.2014 &#8212; Der angedrohte Streik an der R\u00f6mer Oper ist kurzfristig abgewendet worden. Die Gewerkschaften und\u00a0 der Intendant Carlo Fuortes einigten sich in n\u00e4chtlichen Verhandlungen, so dass Anna Netrebko mit Puccinis <em>Manon Lescaut<\/em> deb\u00fctieren konnte.<\/span><\/p>\n<p><strong><span style=\"font-family: arial,helvetica,sans-serif; font-size: small;\"><span style=\"font-family: arial,helvetica,sans-serif; font-size: small;\">28.02.2014 &#8212; Der angedrohte Streik an der R\u00f6mer Oper ist kurzfristig abgewendet worden. Die Gewerkschaften und\u00a0 der Intendant Carlo Fuortes einigten sich in n\u00e4chtlichen Verhandlungen, so dass Anna Netrebko mit Puccinis <em>Manon Lescaut<\/em> deb\u00fctieren konnte.<\/span><\/span><\/strong><\/p>\n<p><span style=\"font-family: arial,helvetica,sans-serif; font-size: small;\">\u00a0<\/span><\/p>\n<p><span style=\"font-family: arial,helvetica,sans-serif; font-size: small;\">Die Premiere in Anwesenheit des italienischen Staatspr\u00e4sidenten Giorgio Napolitano wurde geleitet von Riccardo Muti. Dessen Tochter Chiara zeichnete f\u00fcr die Regie verantwortlich.\u00a0 <br \/><\/span><\/p>\n<p><span style=\"font-family: arial,helvetica,sans-serif; font-size: small;\">\u00a0<\/span><\/p>\n<p><span style=\"font-family: arial,helvetica,sans-serif; font-size: small;\">Der R\u00f6mer B\u00fcrgermeister hatte gedroht, im Falle eines Streiks das Haus gleich ganz zu schliessen (Codex flores <a href=\"index.php?option=com_content&amp;view=article&amp;id=1254&amp;catid=2\">berichtete<\/a>). Die Gewerkschaften Slc-Cgil, Fials-Cisal und Libersind-Confsal verlangen Garantien f\u00fcr Arbeitspl\u00e4tze des Hauses. Der R\u00f6mer B\u00fcrgermeister wiederum will die Zusch\u00fcsse von 18 Millionen Euro an das Opernhaus streichen. Die Ewige Stadt ist selber schwer verschuldet. <em>(cf)\u00a0<\/em> <br \/><\/span><\/p>\n<p>\u00a0<\/p>\n","protected":false},"excerpt":{"rendered":"<p><span style=\"font-family: arial,helvetica,sans-serif; font-size: small;\">28.02.2014 &#8212; Der angedrohte Streik an der R\u00f6mer Oper ist kurzfristig abgewendet worden. Die Gewerkschaften und\u00a0 der Intendant Carlo Fuortes einigten sich in n\u00e4chtlichen Verhandlungen, so dass Anna Netrebko mit Puccinis <em>Manon Lescaut<\/em> deb\u00fctieren konnte.<\/span><\/p>\n","protected":false},"author":1,"featured_media":0,"comment_status":"open","ping_status":"open","sticky":false,"template":"","format":"standard","meta":{"footnotes":""},"categories":[2],"tags":[],"class_list":["post-1258","post","type-post","status-publish","format-standard","hentry","category-nachrichten","entry"],"_links":{"self":[{"href":"https:\/\/codexflores.ch\/index.php\/wp-json\/wp\/v2\/posts\/1258","targetHints":{"allow":["GET"]}}],"collection":[{"href":"https:\/\/codexflores.ch\/index.php\/wp-json\/wp\/v2\/posts"}],"about":[{"href":"https:\/\/codexflores.ch\/index.php\/wp-json\/wp\/v2\/types\/post"}],"author":[{"embeddable":true,"href":"https:\/\/codexflores.ch\/index.php\/wp-json\/wp\/v2\/users\/1"}],"replies":[{"embeddable":true,"href":"https:\/\/codexflores.ch\/index.php\/wp-json\/wp\/v2\/comments?post=1258"}],"version-history":[{"count":0,"href":"https:\/\/codexflores.ch\/index.php\/wp-json\/wp\/v2\/posts\/1258\/revisions"}],"wp:attachment":[{"href":"https:\/\/codexflores.ch\/index.php\/wp-json\/wp\/v2\/media?parent=1258"}],"wp:term":[{"taxonomy":"category","embeddable":true,"href":"https:\/\/codexflores.ch\/index.php\/wp-json\/wp\/v2\/categories?post=1258"},{"taxonomy":"post_tag","embeddable":true,"href":"https:\/\/codexflores.ch\/index.php\/wp-json\/wp\/v2\/tags?post=1258"}],"curies":[{"name":"wp","href":"https:\/\/api.w.org\/{rel}","templated":true}]}}