{"id":1261,"date":"2014-03-03T07:18:16","date_gmt":"2014-03-03T07:18:16","guid":{"rendered":"https:\/\/codexflores.ch\/index.php\/2014\/03\/03\/goldener-violinschluessel-2014-geht-an-wolfgang-sieber\/"},"modified":"2014-03-03T07:18:16","modified_gmt":"2014-03-03T07:18:16","slug":"goldener-violinschluessel-2014-geht-an-wolfgang-sieber","status":"publish","type":"post","link":"https:\/\/codexflores.ch\/index.php\/2014\/03\/03\/goldener-violinschluessel-2014-geht-an-wolfgang-sieber\/","title":{"rendered":"Goldener Violinschl\u00fcssel 2014 geht an Wolfgang Sieber"},"content":{"rendered":"<p><span class=\"ff2 fc0 fs12 fb \" style=\"font-family: arial,helvetica,sans-serif; font-size: small;\">03.03.2014 &#8212; Der Toggenburger Organist Wolfgang Sieber wird mit dem <span class=\"ff2 fc0 fs12 fb \">\u00abGoldenen Violinschl\u00fcssel\u00bb<\/span> 2014 ausgezeichnet. Die Auszeichnung wird in der Schweiz seit 1958 an Pers\u00f6nlichkeiten mit <span class=\"ff2 fc0 fs12 fb \"><span class=\"ff2 fc0 fs10 \">besonderen Verdiensten um <\/span><\/span><span class=\"ff2 fc0 fs10 \">Blasmusik, Chorgesang, Jodeln und L\u00e4ndlermusik vergeben.<\/span><\/span><\/p>\n<p><span class=\"ff2 fc0 fs12 fb \" style=\"font-family: arial,helvetica,sans-serif; font-size: small;\"><strong><span class=\"ff2 fc0 fs10 \"> <span class=\"ff2 fc0 fs12 fb \">03.03.2014 &#8212; Der Toggenburger Organist Wolfgang Sieber wird mit dem <span class=\"ff2 fc0 fs12 fb \">\u00abGoldenen Violinschl\u00fcssel\u00bb<\/span> 2014 ausgezeichnet. Die Auszeichnung wird in der Schweiz seit 1958 an Pers\u00f6nlichkeiten mit <span class=\"ff2 fc0 fs12 fb \"><span class=\"ff2 fc0 fs10 \">besonderen Verdiensten um <\/span><\/span><span class=\"ff2 fc0 fs10 \">Blasmusik, Chorgesang, Jodeln und L\u00e4ndlermusik vergeben.<\/span><\/span><\/span><\/strong><br \/><\/span><\/p>\n<p><span class=\"ff2 fc0 fs12 fb \" style=\"font-family: arial,helvetica,sans-serif; font-size: small;\">\u00a0<\/span><\/p>\n<p><span class=\"ff2 fc0 fs12 fb \" style=\"font-family: arial,helvetica,sans-serif; font-size: small;\"><span class=\"ff2 fc0 fs10 \"><span class=\"ff2 fc0 fs12 fb \"><span class=\"ff2 fc0 fs10 \"><span class=\"ff2 fc0 fs10 \">Sieber organisiert j\u00e4hrlich zahlreiche volkst\u00fcmliche Konzerte in der Luzerner Hofkirche und gestaltet Gottesdienste mit Volksmusikern, Jodlern und Alphornbl\u00e4sern. Laut dem Verein Golderner Violinschl\u00fcssel ist er \u00abein weltoffener K\u00fcnstler, der keine Ber\u00fchrungs\u00e4ngste kennt und einzigartige Kompositionen f\u00fcr Orgel mit Jodel, Alphorn, B\u00fcchel und zahlreichen weiteren Instrumenten\u00bb schafft. <\/span><\/span><\/span><\/span><\/span><\/p>\n<p><span class=\"ff2 fc0 fs12 fb \" style=\"font-family: arial,helvetica,sans-serif; font-size: small;\"><span class=\"ff2 fc0 fs10 \"><span class=\"ff2 fc0 fs12 fb \"><span class=\"ff2 fc0 fs10 \"><span class=\"ff2 fc0 fs10 \">\u00a0<\/span><\/span><\/span><\/span><\/span><\/p>\n<p><span class=\"ff2 fc0 fs12 fb \" style=\"font-family: arial,helvetica,sans-serif; font-size: small;\"><span class=\"ff2 fc0 fs10 \"><span class=\"ff2 fc0 fs12 fb \"><span class=\"ff2 fc0 fs10 \"><span class=\"ff2 fc0 fs10 \">Bekannt worden ist seine Luzerner Mundartmesse f\u00fcr Jodlerterzett und Orgel. Zusammen mit Willi Valotti hat er \u00fcberdies die Jodelkantate \u00abs&#8217;Wiehnachtsliecht\u00bb komponiert. Zur neuen Jodlermesse von Marie-Theres von Gunten schuf er den Orgelpart.<\/span><\/span><\/span><\/span><\/span><\/p>\n<p><span class=\"ff2 fc0 fs12 fb \" style=\"font-family: arial,helvetica,sans-serif; font-size: small;\"><span class=\"ff2 fc0 fs10 \"><span class=\"ff2 fc0 fs12 fb \"><span class=\"ff2 fc0 fs10 \"><span class=\"ff2 fc0 fs10 \">\u00a0<\/span><\/span><\/span><\/span><\/span><\/p>\n<p><span class=\"ff2 fc0 fs12 fb \" style=\"font-family: arial,helvetica,sans-serif; font-size: small;\"><span class=\"ff2 fc0 fs10 \"><span class=\"ff2 fc0 fs12 fb \"><span class=\"ff2 fc0 fs10 \"><span class=\"ff2 fc0 fs10 \">Der undotierte <span class=\"ff2 fc0 fs12 fb \" style=\"font-family: arial,helvetica,sans-serif; font-size: small;\"><span class=\"ff2 fc0 fs10 \"><span class=\"ff2 fc0 fs12 fb \"><span class=\"ff2 fc0 fs12 fb \">\u00abGoldene Violinschl\u00fcssel\u00bb ist 1958 von <span class=\"ff2 fc0 fs10 \">Paul K\u00fcnzi <\/span>ins Leben gerufen worden. Seit den 1970er-Jahren verleiht ihn ein Verein j\u00e4hrlich. Empf\u00e4nger der letzten Jahre waren R<\/span><\/span><\/span><\/span><\/span><\/span><\/span><\/span><\/span><span class=\"ff2 fc0 fs10 \"><span class=\"ImLink\">es Schmid<\/span>, <span class=\"ImLink\">Carlo Brunner<\/span>, <span class=\"ImLink\">Peter Roth<\/span>, <\/span><span class=\"ff2 fc0 fs12 fb \" style=\"font-family: arial,helvetica,sans-serif; font-size: small;\"><span class=\"ff2 fc0 fs10 \">Ueli Mooser und E<span class=\"ff2 fc0 fs12 fb \"><span class=\"ff2 fc0 fs10 \"><span class=\"ff2 fc0 fs10 \"><span class=\"ff2 fc0 fs12 fb \" style=\"font-family: arial,helvetica,sans-serif; font-size: small;\"><span class=\"ff2 fc0 fs10 \"><span class=\"ff2 fc0 fs12 fb \"><span class=\"ff2 fc0 fs12 fb \"><span class=\"ff2 fc0 fs10 \"><span class=\"ImLink\">mil Wallimann<\/span>. <em>(cf)<\/em><\/span><\/span><\/span><\/span><\/span><br \/><\/span><\/span><\/span><\/span><\/span><\/p>\n<p><span class=\"ff2 fc0 fs12 fb \" style=\"font-family: arial,helvetica,sans-serif; font-size: small;\"><span class=\"ff2 fc0 fs10 \">\u00a0<\/span><\/span><\/p>\n<p><span class=\"ff2 fc0 fs12 fb \"><span class=\"ff2 fc0 fs10 \">\u00a0<\/span><\/span><\/p>\n","protected":false},"excerpt":{"rendered":"<p><span class=\"ff2 fc0 fs12 fb \" style=\"font-family: arial,helvetica,sans-serif; font-size: small;\">03.03.2014 &#8212; Der Toggenburger Organist Wolfgang Sieber wird mit dem <span class=\"ff2 fc0 fs12 fb \">\u00abGoldenen Violinschl\u00fcssel\u00bb<\/span> 2014 ausgezeichnet. Die Auszeichnung wird in der Schweiz seit 1958 an Pers\u00f6nlichkeiten mit <span class=\"ff2 fc0 fs12 fb \"><span class=\"ff2 fc0 fs10 \">besonderen Verdiensten um <\/span><\/span><span class=\"ff2 fc0 fs10 \">Blasmusik, Chorgesang, Jodeln und L\u00e4ndlermusik vergeben.<\/span><\/span><\/p>\n","protected":false},"author":1,"featured_media":0,"comment_status":"open","ping_status":"open","sticky":false,"template":"","format":"standard","meta":{"footnotes":""},"categories":[2],"tags":[],"class_list":["post-1261","post","type-post","status-publish","format-standard","hentry","category-nachrichten","entry"],"_links":{"self":[{"href":"https:\/\/codexflores.ch\/index.php\/wp-json\/wp\/v2\/posts\/1261","targetHints":{"allow":["GET"]}}],"collection":[{"href":"https:\/\/codexflores.ch\/index.php\/wp-json\/wp\/v2\/posts"}],"about":[{"href":"https:\/\/codexflores.ch\/index.php\/wp-json\/wp\/v2\/types\/post"}],"author":[{"embeddable":true,"href":"https:\/\/codexflores.ch\/index.php\/wp-json\/wp\/v2\/users\/1"}],"replies":[{"embeddable":true,"href":"https:\/\/codexflores.ch\/index.php\/wp-json\/wp\/v2\/comments?post=1261"}],"version-history":[{"count":0,"href":"https:\/\/codexflores.ch\/index.php\/wp-json\/wp\/v2\/posts\/1261\/revisions"}],"wp:attachment":[{"href":"https:\/\/codexflores.ch\/index.php\/wp-json\/wp\/v2\/media?parent=1261"}],"wp:term":[{"taxonomy":"category","embeddable":true,"href":"https:\/\/codexflores.ch\/index.php\/wp-json\/wp\/v2\/categories?post=1261"},{"taxonomy":"post_tag","embeddable":true,"href":"https:\/\/codexflores.ch\/index.php\/wp-json\/wp\/v2\/tags?post=1261"}],"curies":[{"name":"wp","href":"https:\/\/api.w.org\/{rel}","templated":true}]}}