{"id":1265,"date":"2014-03-04T07:04:44","date_gmt":"2014-03-04T07:04:44","guid":{"rendered":"https:\/\/codexflores.ch\/index.php\/2014\/03\/04\/pascal-gewinnt-salzburger-nachwuchs-dirigierwettbewerb\/"},"modified":"2014-03-04T07:04:44","modified_gmt":"2014-03-04T07:04:44","slug":"pascal-gewinnt-salzburger-nachwuchs-dirigierwettbewerb","status":"publish","type":"post","link":"https:\/\/codexflores.ch\/index.php\/2014\/03\/04\/pascal-gewinnt-salzburger-nachwuchs-dirigierwettbewerb\/","title":{"rendered":"Pascal gewinnt Salzburger Nachwuchs-Dirigierwettbewerb"},"content":{"rendered":"<p><span style=\"font-family: arial,helvetica,sans-serif; font-size: small;\">04.03.2014 &#8212; Der 28-j\u00e4hrige Franzose Maxime Pascal ist Gewinner des Nestl\u00e9 and Salzburg Festival Young Conductors Award. Er \u00fcberzeugte die Jury unter dem Vorsitz von Ingo Metzmacher in einem Konzert mit dem Solisten Ram\u00f3n Ortega Quero und der Camerata Salzburg.<\/span><\/p>\n<p><strong><span style=\"font-family: arial,helvetica,sans-serif; font-size: small;\">04.03.2014 &#8212; Der 28-j\u00e4hrige Franzose Maxime Pascal ist Gewinner des Nestl\u00e9 and Salzburg Festival Young Conductors Award. Er \u00fcberzeugte die Jury unter dem Vorsitz von Ingo Metzmacher in einem Konzert mit dem Solisten Ram\u00f3n Ortega Quero und der Camerata Salzburg.<\/span><\/strong><\/p>\n<p>\u00a0<\/p>\n<p><span style=\"font-family: arial,helvetica,sans-serif; font-size: small;\">Pascal hat am Conservatoire National Superieur de Musique et de Danse in Paris bei Fran\u00e7ois-Xavier Roth studiert. 2012 besuchte er in der International Ensemble Modern Academy \u00fcberdies eine Master Class bei George Benjamin sowie 2013 den Stockhausen Summer Course.<\/span><\/p>\n<p>\u00a0<\/p>\n<p><span style=\"font-family: arial,helvetica,sans-serif; font-size: small;\">Pascal setzte sich gegen 82 Bewerber durch. Er wird am 17. August 2014 das Gustav Mahler Jugendorchester in einem Festspielkonzert in der Felsenreitschule leiten. fr\u00fchere Tr\u00e4ger des Preises sind Ben Gernon (2013), Mirga Gra\u017einyt\u0117-Tyla (2012), Ain\u0101rs Rubikis (2011) und David Afkham (2010).<\/span><\/p>\n<p>\u00a0<\/p>\n<p><span style=\"font-family: arial,helvetica,sans-serif; font-size: small;\">Der Nestl\u00e9 and Salzburg Festival Young Conductors Award wird getragen vom Nahrungsmittel-Multi Nestl\u00e9 und den Salzburger Festspielen. In der Festspielsaison 2014 wird der mit 15&#8217;000 Euro dotierte Preis zum f\u00fcnften Mal vergeben; auch in der Folge soll j\u00e4hrlich ein junger Dirigent mit dem Nestl\u00e9 and Salzburg Festival Young Conductors Award ausgezeichnet werden. <em>(cf)<\/em><\/span><\/p>\n","protected":false},"excerpt":{"rendered":"<p><span style=\"font-family: arial,helvetica,sans-serif; font-size: small;\">04.03.2014 &#8212; Der 28-j\u00e4hrige Franzose Maxime Pascal ist Gewinner des Nestl\u00e9 and Salzburg Festival Young Conductors Award. Er \u00fcberzeugte die Jury unter dem Vorsitz von Ingo Metzmacher in einem Konzert mit dem Solisten Ram\u00f3n Ortega Quero und der Camerata Salzburg.<\/span><\/p>\n","protected":false},"author":1,"featured_media":0,"comment_status":"open","ping_status":"open","sticky":false,"template":"","format":"standard","meta":{"footnotes":""},"categories":[2],"tags":[],"class_list":["post-1265","post","type-post","status-publish","format-standard","hentry","category-nachrichten","entry"],"_links":{"self":[{"href":"https:\/\/codexflores.ch\/index.php\/wp-json\/wp\/v2\/posts\/1265","targetHints":{"allow":["GET"]}}],"collection":[{"href":"https:\/\/codexflores.ch\/index.php\/wp-json\/wp\/v2\/posts"}],"about":[{"href":"https:\/\/codexflores.ch\/index.php\/wp-json\/wp\/v2\/types\/post"}],"author":[{"embeddable":true,"href":"https:\/\/codexflores.ch\/index.php\/wp-json\/wp\/v2\/users\/1"}],"replies":[{"embeddable":true,"href":"https:\/\/codexflores.ch\/index.php\/wp-json\/wp\/v2\/comments?post=1265"}],"version-history":[{"count":0,"href":"https:\/\/codexflores.ch\/index.php\/wp-json\/wp\/v2\/posts\/1265\/revisions"}],"wp:attachment":[{"href":"https:\/\/codexflores.ch\/index.php\/wp-json\/wp\/v2\/media?parent=1265"}],"wp:term":[{"taxonomy":"category","embeddable":true,"href":"https:\/\/codexflores.ch\/index.php\/wp-json\/wp\/v2\/categories?post=1265"},{"taxonomy":"post_tag","embeddable":true,"href":"https:\/\/codexflores.ch\/index.php\/wp-json\/wp\/v2\/tags?post=1265"}],"curies":[{"name":"wp","href":"https:\/\/api.w.org\/{rel}","templated":true}]}}