{"id":1268,"date":"2014-03-05T07:12:13","date_gmt":"2014-03-05T07:12:13","guid":{"rendered":"https:\/\/codexflores.ch\/index.php\/2014\/03\/05\/haitink-hadert-mit-dem-concertgebow-orchester\/"},"modified":"2014-03-05T07:12:13","modified_gmt":"2014-03-05T07:12:13","slug":"haitink-hadert-mit-dem-concertgebow-orchester","status":"publish","type":"post","link":"https:\/\/codexflores.ch\/index.php\/2014\/03\/05\/haitink-hadert-mit-dem-concertgebow-orchester\/","title":{"rendered":"Haitink hadert mit dem Concertgebouw Orchester"},"content":{"rendered":"<p><span style=\"font-family: arial,helvetica,sans-serif; font-size: small;\">05.03.2014 &#8212; <span style=\"font-family: arial,helvetica,sans-serif; font-size: small;\"><span class=\"st_tag internal_tag\">Bernard Haitink<\/span><\/span> ist Ehrendirigent des Amsterdamer <span style=\"font-family: arial,helvetica,sans-serif; font-size: small;\">Concertgebouw<\/span> Orchester. Dirigieren will er es aber nicht mehr. Er wirft der F\u00fchrungsriege mangelndes Traditionsbewusstsein vor.<\/span><\/p>\n<p>\u00a0<\/p>\n<p><strong><span style=\"font-family: arial,helvetica,sans-serif; font-size: small;\"><span style=\"font-family: arial,helvetica,sans-serif; font-size: small;\">05.03.2014 &#8212; <span style=\"font-family: arial,helvetica,sans-serif; font-size: small;\"><span class=\"st_tag internal_tag\">Bernard Haitink<\/span><\/span> ist Ehrendirigent des Amsterdamer <span style=\"font-family: arial,helvetica,sans-serif; font-size: small;\">Concertgebouw<\/span> Orchester. Dirigieren will er es aber nicht mehr. Er wirft der F\u00fchrungsriege mangelndes Traditionsbewusstsein vor.<\/span><\/span><\/strong><\/p>\n<p><span style=\"font-family: arial,helvetica,sans-serif; font-size: small;\"><span style=\"font-family: arial,helvetica,sans-serif; font-size: small;\">\u00a0<\/span><\/span><\/p>\n<p><span style=\"font-family: arial,helvetica,sans-serif; font-size: small;\"><span style=\"font-family: arial,helvetica,sans-serif; font-size: small;\">Laut einem Bericht des Magazins <span style=\"font-family: arial,helvetica,sans-serif; font-size: small;\">\u00abParool\u00bb f\u00fchlt sich Haitink, der das Orchester zwischen 1964 und 1988 leitete, durch das Orchesterb\u00fcro gedem\u00fctigt. So sei er anl\u00e4sslich des 125. Jahretages der Gr\u00fcndung der Stiftung des Ensembles nicht eingeladen worden und auch f\u00fcr 2016, dem 60. Jahrestag seines ersten Konzertes mit dem Ensemble, sei nichts geplant.<\/span><br \/><\/span><\/span><\/p>\n<p><span style=\"font-family: arial,helvetica,sans-serif; font-size: small;\"><span style=\"font-family: arial,helvetica,sans-serif; font-size: small;\"><span style=\"font-family: arial,helvetica,sans-serif; font-size: small;\">\u00a0<\/span><\/span><\/span><\/p>\n<p><span style=\"font-family: arial,helvetica,sans-serif; font-size: small;\"><span style=\"font-family: arial,helvetica,sans-serif; font-size: small;\"><span style=\"font-family: arial,helvetica,sans-serif; font-size: small;\">Haitink macht f\u00fcr die Vers\u00e4umnisse Generaldirektor <span style=\"font-family: arial,helvetica,sans-serif; font-size: small;\">Jan Raes und den k\u00fcnstlerischen Leiter Joel Fried verantwortlich.\u00a0 <\/span><\/span><\/span>Sie h\u00e4tten, <span style=\"font-family: arial,helvetica,sans-serif; font-size: small;\">\u00ab<\/span>kein <span class=\"st_tag internal_tag\">Interesse an der Geschichte des Orchesters<\/span>\u00bb. <em>(cf)<\/em><\/span><\/p>\n","protected":false},"excerpt":{"rendered":"<p><span style=\"font-family: arial,helvetica,sans-serif; font-size: small;\">05.03.2014 &#8212; <span style=\"font-family: arial,helvetica,sans-serif; font-size: small;\"><span class=\"st_tag internal_tag\">Bernard Haitink<\/span><\/span> ist Ehrendirigent des Amsterdamer <span style=\"font-family: arial,helvetica,sans-serif; font-size: small;\">Concertgebouw<\/span> Orchester. Dirigieren will er es aber nicht mehr. Er wirft der F\u00fchrungsriege mangelndes Traditionsbewusstsein vor.<\/span><\/p>\n","protected":false},"author":1,"featured_media":0,"comment_status":"open","ping_status":"open","sticky":false,"template":"","format":"standard","meta":{"footnotes":""},"categories":[2],"tags":[],"class_list":["post-1268","post","type-post","status-publish","format-standard","hentry","category-nachrichten","entry"],"_links":{"self":[{"href":"https:\/\/codexflores.ch\/index.php\/wp-json\/wp\/v2\/posts\/1268","targetHints":{"allow":["GET"]}}],"collection":[{"href":"https:\/\/codexflores.ch\/index.php\/wp-json\/wp\/v2\/posts"}],"about":[{"href":"https:\/\/codexflores.ch\/index.php\/wp-json\/wp\/v2\/types\/post"}],"author":[{"embeddable":true,"href":"https:\/\/codexflores.ch\/index.php\/wp-json\/wp\/v2\/users\/1"}],"replies":[{"embeddable":true,"href":"https:\/\/codexflores.ch\/index.php\/wp-json\/wp\/v2\/comments?post=1268"}],"version-history":[{"count":0,"href":"https:\/\/codexflores.ch\/index.php\/wp-json\/wp\/v2\/posts\/1268\/revisions"}],"wp:attachment":[{"href":"https:\/\/codexflores.ch\/index.php\/wp-json\/wp\/v2\/media?parent=1268"}],"wp:term":[{"taxonomy":"category","embeddable":true,"href":"https:\/\/codexflores.ch\/index.php\/wp-json\/wp\/v2\/categories?post=1268"},{"taxonomy":"post_tag","embeddable":true,"href":"https:\/\/codexflores.ch\/index.php\/wp-json\/wp\/v2\/tags?post=1268"}],"curies":[{"name":"wp","href":"https:\/\/api.w.org\/{rel}","templated":true}]}}