{"id":127,"date":"2014-01-09T13:29:26","date_gmt":"2014-01-09T13:29:26","guid":{"rendered":"https:\/\/codexflores.ch\/index.php\/2014\/01\/09\/jazzalben-aus-zuerich-und-luzern\/"},"modified":"2014-01-09T13:29:26","modified_gmt":"2014-01-09T13:29:26","slug":"jazzalben-aus-zuerich-und-luzern","status":"publish","type":"post","link":"https:\/\/codexflores.ch\/index.php\/2014\/01\/09\/jazzalben-aus-zuerich-und-luzern\/","title":{"rendered":"Jazzalben aus Z\u00fcrich und Luzern"},"content":{"rendered":"<p><span class=\"txt-m-black\"><img decoding=\"async\" src=\"http:\/\/212.60.37.143\/bilder\/2012\/120508balkan.jpg\" border=\"0\" align=\"left\" \/><em>08.06.2012 &#8212;<\/em> Die Gruppe Balkan Flavours ist eine Bl\u00fcte der Luzerner Jazzausbildung. Die Gruppe ist anl\u00e4sslich eines Diplomkonzertes vom Pianisten Faruk Muslijevi\u0107 gegr\u00fcndet worden. Er ist \u2013 laut Angaben, die man im Internet zusammensuchen kann \u2013 in Leskovac, im ehemaligen Jugoslawien, zur Welt gekommen und nach einem Akkordeonstudium an der Musikhochschule in Nis 1998 in die Schweiz gekommen. Er unterrichtet an der Musikschule Emmen und an der Fachmittelschule Luzern Klavier und Keyboard und arbeitet in der Gegend auch als Jugendarbeiter. Man erinnert sich: Emmen ist die Gemeinde, die wegen ihrer restriktiven Einb\u00fcrgerungspraxis schweizweit ins Gespr\u00e4ch gekommen ist.<\/p>\n<p> Auf der CD \u00abElephant Steps\u00bb geht die Post ab. Da gibt\u2019s eklektische, mit unb\u00e4ndiger Spiellust und viel Drive vorangetriebene Grooves mit s\u00fcdosteurop\u00e4ischem Flair und jazziger Grundierung \u2013 eine elektrifizierte und elektrisierende Mischung aus Tasten- und Knopfinstrumenten (Faruk Muslijevi\u0107), Gitarre (Dragan Pijetlovi\u0107), Elektrobass (Thomas Davano) und Schlagzeug (Christoph M\u00fcller) mit den G\u00e4sten Veronika Stalder (Gesang) und Marc Stucki (Tenorsaxophon).<\/p>\n<p> Kompositorisch w\u00fcrden die St\u00fccke f\u00fcrs Brennen in Polycarbonat etwas mehr Verdichtung vertragen, sie machen aber Lust, die Gruppe live zu erleben. Was man auf der CD zu h\u00f6ren bekommt, d\u00fcrfte vor Ort kaum kalt lassen.<\/p>\n<p> <img decoding=\"async\" src=\"http:\/\/212.60.37.143\/bilder\/2012\/120608zjo.jpg\" border=\"0\" align=\"left\" \/>F\u00fcr eine moderne, kulturell offene Schweiz steht auch das Zurich Jazz Orchestra (ZJO). Auf seiner j\u00fcngsten CD \u00abSong\u00ab macht ihre Musik, wie es Schweizer Qualit\u00e4tsarbeit gut ansteht, allerdings immer mal wieder Ticktack \u2013 in Neuinterpretationen bekannter (Pop-)Songs wie \u00abVideo Killed The Radio Star\u00bb, \u00abTime After Time\u00bb, \u00abI Love Paris\u00bb, die den Charakter der St\u00fccke zum Teil erheblich ver\u00e4ndern. Wird mal wieder dekonstruiert, ist der Impuls beim ersten H\u00f6ren. Beim zweiten verliebt man sich in diese Kleinode, die voller \u00fcberraschender, teils reduktionistischer Instrumentations-Ideen sind und mit lakonischen kontrapunktischen Spielereien eine intellektuelle Reflektionsebene einschieben, ohne den Arrangements den Witz zu nehmen. Die unpr\u00e4tenti\u00f6se Stimme und die auffallend helvetisch-hellen Vokale im Englisch der S\u00e4ngerin Isa Wiss geben dem Ganzen einen nordisch-k\u00fchlen Anstrich.<\/p>\n<p> Das Zurich Jazz Orchestra hat schon mit lustvoll-kreativen Ann\u00e4herungen an Schweizer Volksliedgut (auf der CD \u00abbeyond swiss tradition\u00bb) eine Tradition fortgef\u00fchrt, die von Bandleadern wie Teddy Staufer, George Gruntz, Mani Planzer und Matthias R\u00fcegg gepflegt worden ist. Auf \u00abSong\u00bb muss nun internationales Standardrepertoire dran glauben. ZJO-Leader Rainer Tempel stellt dabei einmal mehr sein grosses Geschick als Arrangeur unter Beweis. Und die Bandmitglieder ihr stupendes K\u00f6nnen. Bitte mehr davon. <em>(wb)<\/em> <\/p>\n<p> <em><span class=\"txt-s-black\"><span style=\"font-size: x-small;\"> Faruk Muslijevi\u0107\u2019s Balkan Flavours: Elephant Steps. Musiques Suisses, MGB Jazz 8. Bezugsquelle: <a href=\"http:\/\/www.musiques-suisses.ch\/shop\/Jazz\/Jazz8.php?lang=d\" target=\"blank\" rel=\"noopener noreferrer\"> www.musiques-suisses.ch <\/a>. Zurich Jazz Orchestra featuring Isa Wiss. \u00abSong\u00bb. Jazz \u2018n\u2019 Arts, JNA 5812. Bezugsquelle: <a href=\"http:\/\/www.zjo.ch\" target=\"blank\" rel=\"noopener noreferrer\">www.zjo.ch<\/a>.<\/span> <\/span> <\/em><\/span><\/p>\n","protected":false},"excerpt":{"rendered":"<p>08.06.2012 &#8212; Die Gruppe Balkan Flavours ist eine Bl\u00fcte der Luzerner Jazzausbildung. Die Gruppe ist anl\u00e4sslich eines Diplomkonzertes vom Pianisten&#8230;<\/p>\n","protected":false},"author":1,"featured_media":0,"comment_status":"open","ping_status":"open","sticky":false,"template":"","format":"standard","meta":{"footnotes":""},"categories":[4],"tags":[],"class_list":["post-127","post","type-post","status-publish","format-standard","hentry","category-im-gespraech","entry"],"_links":{"self":[{"href":"https:\/\/codexflores.ch\/index.php\/wp-json\/wp\/v2\/posts\/127","targetHints":{"allow":["GET"]}}],"collection":[{"href":"https:\/\/codexflores.ch\/index.php\/wp-json\/wp\/v2\/posts"}],"about":[{"href":"https:\/\/codexflores.ch\/index.php\/wp-json\/wp\/v2\/types\/post"}],"author":[{"embeddable":true,"href":"https:\/\/codexflores.ch\/index.php\/wp-json\/wp\/v2\/users\/1"}],"replies":[{"embeddable":true,"href":"https:\/\/codexflores.ch\/index.php\/wp-json\/wp\/v2\/comments?post=127"}],"version-history":[{"count":0,"href":"https:\/\/codexflores.ch\/index.php\/wp-json\/wp\/v2\/posts\/127\/revisions"}],"wp:attachment":[{"href":"https:\/\/codexflores.ch\/index.php\/wp-json\/wp\/v2\/media?parent=127"}],"wp:term":[{"taxonomy":"category","embeddable":true,"href":"https:\/\/codexflores.ch\/index.php\/wp-json\/wp\/v2\/categories?post=127"},{"taxonomy":"post_tag","embeddable":true,"href":"https:\/\/codexflores.ch\/index.php\/wp-json\/wp\/v2\/tags?post=127"}],"curies":[{"name":"wp","href":"https:\/\/api.w.org\/{rel}","templated":true}]}}