{"id":1271,"date":"2014-03-06T10:49:29","date_gmt":"2014-03-06T10:49:29","guid":{"rendered":"https:\/\/codexflores.ch\/index.php\/2014\/03\/06\/verschollenes-bach-portraet-vermutlich-wiederentdeckt\/"},"modified":"2014-03-06T10:49:29","modified_gmt":"2014-03-06T10:49:29","slug":"verschollenes-bach-portraet-vermutlich-wiederentdeckt","status":"publish","type":"post","link":"https:\/\/codexflores.ch\/index.php\/2014\/03\/06\/verschollenes-bach-portraet-vermutlich-wiederentdeckt\/","title":{"rendered":"Verschollenes Bach-Portr\u00e4t vermutlich wiederentdeckt"},"content":{"rendered":"<p><span style=\"font-family: arial,helvetica,sans-serif; font-size: small;\">06.03.2014 &#8212; Das Bachhaus Eisenach hat ein Pastellbild erworben, bei dem es sich wahrscheinlich um das verschollene Portr\u00e4t Johann Sebastian Bachs aus dem Besitz seines Sohns Carl Philipp Emanuel handelt.<\/span><\/p>\n<p><strong><span style=\"font-family: arial,helvetica,sans-serif; font-size: small;\">06.03.2014 &#8212; Das Bachhaus Eisenach hat ein Pastellbild erworben, bei dem es sich wahrscheinlich um das verschollene Portr\u00e4t Johann Sebastian Bachs aus dem Besitz seines Sohns Carl Philipp Emanuel handelt.<\/span><\/strong><\/p>\n<p><span style=\"font-family: arial,helvetica,sans-serif; font-size: small;\">\u00a0<\/span><\/p>\n<p>Das Bild tauchte erstmals 1927\/28 in der Sammlung Manfred Gorke auf. 1936 wurde es vom englischen Bachforscher Charles Sanford Terry als das Bach-Pastell identifiziert, das Bachs Sohn Carl Philipp Emanuel besessen hat. Zu dem gleichen Ergebnis gelangte der K\u00f6lner Musikwissenschaftler Georg Kinsky. Bei der Aufl\u00f6sung der Sammlung Gorke Ende der 30er Jahre ging das Gem\u00e4lde an einen Berliner Privatmann und war seither praktisch verschwunden.<\/p>\n<p>\u00a0<\/p>\n<p>Bei dem jetzt erworbenen Pastell handelt es sich nach erster Untersuchung des Museums um ein Original aus der ersten H\u00e4lfte des 18. Jh. Abweichungen ergeben sich im Alter und der Kleidung des Dargestellten. Letzteres ist von Bedeutung, weil sich einige Details &#8211; die Per\u00fccke, das Spitzenjabot &#8211; auch auf einem Kupferstich wiederfinden, den Samuel Gottlob K\u00fctner 1774 wohl im Auftrag von Carl Philipp Emanuel ausf\u00fchrte, und den der Bach-Sohn als \u00abziemlich \u00e4hnlichen Kupferstich von meines lieben seeligen Vaters Portrait\u00bb bezeichnete. Genau diese Darstellung \u00fcbernahm Forkel dann f\u00fcr das Frontispiz zu seiner Bach-Biographie von 1802.<\/p>\n<p>\u00a0<\/p>\n<p>Die Sammlung des aus Hirschberg in Schlesien stammenden, in Eisenach und sp\u00e4ter Leipzig und Meiningen lebenden Manfred Gorke geh\u00f6rte am Anfang des 20. Jh. zu den letzten gro\u00dfen privaten Sammlungen von Bachiana. Der damals 31j\u00e4hrige wurde zur Abgabe der Sammlung gedr\u00e4ngt und verkaufte sie schlie\u00dflich 1935 an die Stadt Leipzig. Die von der Stadt Leipzig erworbene Sammlung geh\u00f6rt heute zum Kernbestand des Leipziger Bach-Archivs. Das Bach-Pastell behielt Gorke 1935 dagegen und verkaufte es 1936 gesondert an den Berliner Industriellen Gustav Winkler.<\/p>\n<p>\u00a0<\/p>\n<p>Am 15. Dezember 2013 konnte es nunmehr aus Privatbesitz vom Bachhaus Eisenach erworben werden. Den Erwerb unterst\u00fctzten die Neue Bachgesellschaft und die Johann-Sebastian-Bach-Stiftung (Leipzig). Das neue Bach-Bild wird voraussichtlich ab dem 1. Mai 2014 in die Eisenacher Ausstellung eingef\u00fcgt. Bereits zuvor pr\u00e4sentiert das Bachhaus das neuerworbene Bach-Gem\u00e4lde in der am 13. M\u00e4rz 2014 beginnenden sechsw\u00f6chigen Sonderausstellung <em>Echt Bach!<\/em> im Berliner Dom. <em>(cf)<\/em><\/p>\n<p><span style=\"font-family: arial,helvetica,sans-serif; font-size: small;\">\u00a0<\/span><\/p>\n<p><span style=\"font-family: arial,helvetica,sans-serif; font-size: small;\">Eine Foto des Port\u00e4ts findet sich <a href=\"http:\/\/www.artefakt-berlin.de\/fileadmin\/files\/Projekte\/Bachhaus\/pastell\/Bachportrait_Foto_Constantin_Beyer_Bachhaus_2014.jpg\" target=\"_blank\" title=\"Foto Bach-Portr\u00e4t\" rel=\"noopener noreferrer\">hier<\/a><br \/><\/span><\/p>\n<p>\u00a0<\/p>\n","protected":false},"excerpt":{"rendered":"<p><span style=\"font-family: arial,helvetica,sans-serif; font-size: small;\">06.03.2014 &#8212; Das Bachhaus Eisenach hat ein Pastellbild erworben, bei dem es sich wahrscheinlich um das verschollene Portr\u00e4t Johann Sebastian Bachs aus dem Besitz seines Sohns Carl Philipp Emanuel handelt.<\/span><\/p>\n","protected":false},"author":1,"featured_media":0,"comment_status":"open","ping_status":"open","sticky":false,"template":"","format":"standard","meta":{"footnotes":""},"categories":[2],"tags":[],"class_list":["post-1271","post","type-post","status-publish","format-standard","hentry","category-nachrichten","entry"],"_links":{"self":[{"href":"https:\/\/codexflores.ch\/index.php\/wp-json\/wp\/v2\/posts\/1271","targetHints":{"allow":["GET"]}}],"collection":[{"href":"https:\/\/codexflores.ch\/index.php\/wp-json\/wp\/v2\/posts"}],"about":[{"href":"https:\/\/codexflores.ch\/index.php\/wp-json\/wp\/v2\/types\/post"}],"author":[{"embeddable":true,"href":"https:\/\/codexflores.ch\/index.php\/wp-json\/wp\/v2\/users\/1"}],"replies":[{"embeddable":true,"href":"https:\/\/codexflores.ch\/index.php\/wp-json\/wp\/v2\/comments?post=1271"}],"version-history":[{"count":0,"href":"https:\/\/codexflores.ch\/index.php\/wp-json\/wp\/v2\/posts\/1271\/revisions"}],"wp:attachment":[{"href":"https:\/\/codexflores.ch\/index.php\/wp-json\/wp\/v2\/media?parent=1271"}],"wp:term":[{"taxonomy":"category","embeddable":true,"href":"https:\/\/codexflores.ch\/index.php\/wp-json\/wp\/v2\/categories?post=1271"},{"taxonomy":"post_tag","embeddable":true,"href":"https:\/\/codexflores.ch\/index.php\/wp-json\/wp\/v2\/tags?post=1271"}],"curies":[{"name":"wp","href":"https:\/\/api.w.org\/{rel}","templated":true}]}}