{"id":1273,"date":"2014-03-07T06:49:52","date_gmt":"2014-03-07T06:49:52","guid":{"rendered":"https:\/\/codexflores.ch\/index.php\/2014\/03\/07\/schmitt-kuenstlerischer-leiter-in-kassel\/"},"modified":"2014-03-07T06:49:52","modified_gmt":"2014-03-07T06:49:52","slug":"schmitt-kuenstlerischer-leiter-in-kassel","status":"publish","type":"post","link":"https:\/\/codexflores.ch\/index.php\/2014\/03\/07\/schmitt-kuenstlerischer-leiter-in-kassel\/","title":{"rendered":"Schmitt K\u00fcnstlerischer Leiter in Kassel"},"content":{"rendered":"<p>07.03.2014 &#8212; Der Dramaturg Olaf A. Schmitt, der auch schon an der Uni Z\u00fcrich unterrichtete, wird k\u00fcnstlerischer Leiter der Kasseler Musiktage. Er folgt in dem Amt auf <span style=\"line-height: 115%;\"><span style=\"line-height: 115%;\">Dieter Rexroth, der das Festival <\/span><\/span><span style=\"line-height: 115%;\"><span style=\"line-height: 115%;\">nach zehnj\u00e4hriger T\u00e4tigkeit auf eigenen Wunsch zum Ende der Festivalsaison 2015 verl\u00e4sst.<\/span><\/span><\/p>\n<p>\u00a0<\/p>\n<p><strong><span style=\"line-height: 115%;\"><span style=\"line-height: 115%;\">07.03.2014 &#8212; Der Dramaturg Olaf A. Schmitt, der auch schon an der Uni Z\u00fcrich unterrichtete, wird k\u00fcnstlerischer Leiter der Kasseler Musiktage. Er folgt in dem Amt auf <span style=\"line-height: 115%;\"><span style=\"line-height: 115%;\">Dieter Rexroth, der das Festival <\/span><\/span><span style=\"line-height: 115%;\"><span style=\"line-height: 115%;\">nach zehnj\u00e4hriger T\u00e4tigkeit auf eigenen Wunsch zum Ende der Festivalsaison 2015 verl\u00e4sst.<\/span><\/span><\/span><\/span><\/strong><\/p>\n<p><span style=\"line-height: 115%;\"><span style=\"line-height: 115%;\"><span style=\"line-height: 115%;\"><span style=\"line-height: 115%;\">\u00a0<\/span><\/span><\/span><\/span><\/p>\n<p><span style=\"line-height: 115%;\"><span style=\"line-height: 115%;\"><span style=\"line-height: 115%;\"><span style=\"line-height: 115%;\">Zuletzt als Operndramaturg an der Bayerischen Staatsoper t\u00e4tig, wird Olaf A. Schmitt ab August 2014 unter der neuen Intendanz von Elisabeth Sobotka als Chefdramaturg f\u00fcr die Bregenzer Festspiele arbeiten. Er ist Dozent an der Bayerischen Theaterakademie, der Staatlichen Akademie der Bildenden K\u00fcnste Stuttgart und unterrichtete an den Universit\u00e4ten Z\u00fcrich und Frankfurt am Main. <\/span><\/span><\/span><\/span><\/p>\n<p><span style=\"line-height: 115%;\"><span style=\"line-height: 115%;\"><span style=\"line-height: 115%;\"><span style=\"line-height: 115%;\">\u00a0<\/span><\/span><\/span><\/span><\/p>\n<p><span style=\"line-height: 115%;\"><span style=\"line-height: 115%;\"><span style=\"line-height: 115%;\"><span style=\"line-height: 115%;\">W\u00e4hrend des Studiums der Theater-, Film- und Medienwissenschaft sowie Musikwissenschaft sammelte er Erfahrungen an der Staatsoper Stuttgart, bei den Salzburger Festspielen und am Musiktheater im Revier Gelsenkirchen. <em>(cf)<\/em><br \/><\/span><\/span><\/span><\/span><\/p>\n","protected":false},"excerpt":{"rendered":"<p>07.03.2014 &#8212; Der Dramaturg Olaf A. Schmitt, der auch schon an der Uni Z\u00fcrich unterrichtete, wird k\u00fcnstlerischer Leiter der Kasseler Musiktage. Er folgt in dem Amt auf <span style=\"line-height: 115%;\"><span style=\"line-height: 115%;\">Dieter Rexroth, der das Festival <\/span><\/span><span style=\"line-height: 115%;\"><span style=\"line-height: 115%;\">nach zehnj\u00e4hriger T\u00e4tigkeit auf eigenen Wunsch zum Ende der Festivalsaison 2015 verl\u00e4sst.<\/span><\/span><\/p>\n","protected":false},"author":1,"featured_media":0,"comment_status":"open","ping_status":"open","sticky":false,"template":"","format":"standard","meta":{"footnotes":""},"categories":[2],"tags":[],"class_list":["post-1273","post","type-post","status-publish","format-standard","hentry","category-nachrichten","entry"],"_links":{"self":[{"href":"https:\/\/codexflores.ch\/index.php\/wp-json\/wp\/v2\/posts\/1273","targetHints":{"allow":["GET"]}}],"collection":[{"href":"https:\/\/codexflores.ch\/index.php\/wp-json\/wp\/v2\/posts"}],"about":[{"href":"https:\/\/codexflores.ch\/index.php\/wp-json\/wp\/v2\/types\/post"}],"author":[{"embeddable":true,"href":"https:\/\/codexflores.ch\/index.php\/wp-json\/wp\/v2\/users\/1"}],"replies":[{"embeddable":true,"href":"https:\/\/codexflores.ch\/index.php\/wp-json\/wp\/v2\/comments?post=1273"}],"version-history":[{"count":0,"href":"https:\/\/codexflores.ch\/index.php\/wp-json\/wp\/v2\/posts\/1273\/revisions"}],"wp:attachment":[{"href":"https:\/\/codexflores.ch\/index.php\/wp-json\/wp\/v2\/media?parent=1273"}],"wp:term":[{"taxonomy":"category","embeddable":true,"href":"https:\/\/codexflores.ch\/index.php\/wp-json\/wp\/v2\/categories?post=1273"},{"taxonomy":"post_tag","embeddable":true,"href":"https:\/\/codexflores.ch\/index.php\/wp-json\/wp\/v2\/tags?post=1273"}],"curies":[{"name":"wp","href":"https:\/\/api.w.org\/{rel}","templated":true}]}}