{"id":1275,"date":"2014-03-09T13:47:37","date_gmt":"2014-03-09T13:47:37","guid":{"rendered":"https:\/\/codexflores.ch\/index.php\/2014\/03\/09\/eine-berner-kulturkonferenz-auf-der-suche-nach-inhalten\/"},"modified":"2014-03-09T13:47:37","modified_gmt":"2014-03-09T13:47:37","slug":"eine-berner-kulturkonferenz-auf-der-suche-nach-inhalten","status":"publish","type":"post","link":"https:\/\/codexflores.ch\/index.php\/2014\/03\/09\/eine-berner-kulturkonferenz-auf-der-suche-nach-inhalten\/","title":{"rendered":"Kulturpolitik darf nur Finanzpolitik sein"},"content":{"rendered":"<p>\u00a0<\/p>\n<p style=\"text-align: center;\"><em><span style=\"font-family: arial,helvetica,sans-serif; font-size: small;\"><span style=\"font-family: arial,helvetica,sans-serif; font-size: small;\">von Wolfgang B\u00f6hler<\/span><\/span><\/em><\/p>\n<p>\u00a0<\/p>\n<p><span style=\"font-family: arial,helvetica,sans-serif; font-size: small;\"><span style=\"font-family: arial,helvetica,sans-serif; font-size: small;\">\u00a0<\/span><\/span><\/p>\n<p><span style=\"font-family: arial,helvetica,sans-serif; font-size: small;\"><img decoding=\"async\" src=\"images\/kolumnewb.jpg\" border=\"0\" alt=\"Portr\u00e4t Wolfgang B\u00f6hler\" style=\"float: left; margin: 8px;\" \/>07.03.2014 &#8212; Bern ist kulturpolitisch am Hyperventilieren: In der Schweizer Bundesstadt laufen einige Kulturdiskussionen teils parallel, teils seltsam verschr\u00e4nkt. Die Stadt hat im Januar zum Hearing eingeladen, die Leiterin der Abteilung Kulturelles will nun doch noch ein Kulturkonzept vorlegen, nachdem sie dies zuvor als unn\u00f6tig erachtete, einzelne Akteure rund um die Kunstsammlerin Carola Ertle, das unabh\u00e4ngige Kulturmagazin Ensuite und das Kornhausforum haben zur \u00abBerner Kulturkonferenz\u00bb eingeladen. Es gehe \u00abum Inhalte, nicht um Geld\u00bb, so das Credo der Konferenz. Das mutet etwas naiv an: Letztlich geht es auch diesen Akteuren ums Geld, n\u00e4mlich um\u00a0 die Frage, wie man begr\u00fcnden kann, dass diese mehr, daf\u00fcr jene weniger erhalten, denn die in der Kulturkonferenz und im Kulturdachverband Bekult (der auch die Kulturkonferenz unterst\u00fctzt) vereinten Institutionen sind im Wesentlichen die kulturellen Subventionsempf\u00e4nger der Stadt.<\/span><\/p>\n<p style=\"text-align: center;\">\u00a0<em><span style=\"font-family: arial,helvetica,sans-serif; font-size: small;\"><span style=\"font-family: arial,helvetica,sans-serif; font-size: small;\">von Wolfgang B\u00f6hler<\/span><\/span><\/em><\/p>\n<p><span style=\"font-family: arial,helvetica,sans-serif; font-size: small;\"><span style=\"font-family: arial,helvetica,sans-serif; font-size: small;\">\u00a0<\/span><\/span><\/p>\n<p><span style=\"font-family: arial,helvetica,sans-serif; font-size: small;\"><span style=\"font-family: arial,helvetica,sans-serif; font-size: small;\"><span style=\"font-family: arial,helvetica,sans-serif; font-size: small;\"><img decoding=\"async\" src=\"images\/kolumnewb.jpg\" border=\"0\" alt=\"Portr\u00e4t Wolfgang B\u00f6hler\" style=\"float: left; margin: 8px;\" \/>07.03.2014 &#8212; Bern ist kulturpolitisch am Hyperventilieren: In der Schweizer Bundesstadt laufen einige Kulturdiskussionen teils parallel, teils seltsam verschr\u00e4nkt. Die Stadt hat im Januar zum Hearing eingeladen, die Leiterin der Abteilung Kulturelles will nun doch noch ein Kulturkonzept vorlegen, nachdem sie dies zuvor als unn\u00f6tig erachtete, einzelne Akteure rund um die Kunstsammlerin Carola Ertle, das unabh\u00e4ngige Kulturmagazin Ensuite und das Kornhausforum haben zur \u00abBerner Kulturkonferenz\u00bb eingeladen. Es gehe \u00abum Inhalte, nicht um Geld\u00bb, so das Credo der Konferenz. Das mutet etwas naiv an: Letztlich geht es auch diesen Akteuren ums Geld, n\u00e4mlich um\u00a0 die Frage, wie man begr\u00fcnden kann, dass diese mehr, daf\u00fcr jene weniger erhalten, denn die in der Kulturkonferenz und im Kulturdachverband Bekult (der auch die Kulturkonferenz unterst\u00fctzt) vereinten Institutionen sind im Wesentlichen die kulturellen Subventionsempf\u00e4nger der Stadt.<\/span><\/span><\/span><\/p>\n<p><span style=\"font-family: arial,helvetica,sans-serif; font-size: small;\">\u00a0<\/span><\/p>\n<p><span style=\"font-family: arial,helvetica,sans-serif; font-size: small;\">Ginge es tats\u00e4chlich nicht ums Geld, sondern um Inhaltsfragen, m\u00fcsste die Konferenz anders zusammengesetzt sein: Neben den Kulturinstitutionen m\u00fcssten die Sport- und Freizeitvereine dabei sein, der Gewerbeverband, Migrantenvereinigungen, Vertreter von Seniorenorganisationen, Kirchen und andere religi\u00f6se Gruppen, Blasmusikverb\u00e4nde, Chorvereinigungen, die Burgergemeinde und vermutlich noch einige mehr, denn unter den Kulturinstitutionen, die eh schon einen engen personellen und ideellen Austausch pflegen, herrscht ein Grundkonsens dar\u00fcber, was Kultur sein und bewirken soll. Die Entscheidungen, die in der Berner Kulturpolitik momentan zu treffen sind, adressieren aber Interessen weit dar\u00fcber hinaus: die Gemeinden des l\u00e4ndlichen Umfeldes und den normalsterblichen Stimmb\u00fcrger, dem das durchschnittliche Kulturverst\u00e4ndnis der in den Hearings und Konferenzen vereinten \u00abKulturschaffenden\u00bb etwa so fremd ist, wie einem Bergbauern das Wellenreiten.<\/span><\/p>\n<p><span style=\"font-family: arial,helvetica,sans-serif; font-size: small;\">\u00a0<\/span><\/p>\n<p><span style=\"font-family: arial,helvetica,sans-serif; font-size: small;\">Man lade ja ein und sei f\u00fcr alle offen, d\u00fcrfte der Einwand lauten. Kulturpolitik interessiere aber leider zu wenig ausserhalb der Kulturszene. Dass man einl\u00e4dt, ist sicher richtig, dass Kulturpolitik nicht interessiert, hingegen weniger. In st\u00e4dtischen Versch\u00f6nerungs-und Quartiervereinen und ausserhalb des st\u00e4dtischen Zentrums investieren viele B\u00fcrgerinnen und B\u00fcrger enorm viel Zeit und Engagement f\u00fcr Kulturprojekte wie S\u00e4ngertage, Quartierfeste, religi\u00f6se Feiern, Dorftheater, Schmuck der Strassen und H\u00e4user und so weiter. Sie tun im Grunde dasselbe wie die \u00bbKulturschaffenden\u00bb: Sie gestalten ihre Umwelt und denken \u00fcber das Leben nach. In den Augen vieler professioneller Kulturschaffender sind ihre Resultate aber reaktion\u00e4r, kleinb\u00fcrgerlich nicht innovativ und niveaulos. Sie folgen also der Einladung nicht, weil sie (zu Recht?) vermuten, dass eine von einschl\u00e4gigen Interessengruppen aufgegleiste\u00a0\u00abKulturkonferenz\u00bb Vorentscheidungen dar\u00fcber bereits getroffen hat, was relevante Kultur und was richtiges Kulturbewusstsein ist. \u00a0 \u00a0 <br \/><\/span><\/p>\n<p><span style=\"font-family: arial,helvetica,sans-serif; font-size: small;\">\u00a0<\/span><\/p>\n<p><span style=\"font-family: arial,helvetica,sans-serif; font-size: small;\">Man kann die Behauptung der Kulturkonferenz, es gehe um Inhalte, verschieden deuten: als Aufforderung zur Kunstphilosophie (sie liesse sich in anderem Rahmen angemessener betreiben), als Protest, weil der Durchschnittspolitiker und \u00a0Funktion\u00e4r sich mutmasslich nicht mit den Aussagen von Kunst auseinandersetzen will (dazu gibt es mittlerweile die Kulturvermittlung) oder als Frage danach, welche Akzente eine Region kulturpolitisch setzen sollte (dann geht es schliesslich doch wieder ums Geld, n\u00e4mlich darum, was man f\u00f6rdern und wo wiederum man Geld abziehen soll). Aber im Grunde genommen sind solche Deutungen bloss Gedankenspiele, denn In der Kulturpolitik darf es wie in jedem andern Politikfeld eines freiheitlichen Staates nicht um Inhalte gehen, sondern bloss darum, wer wem wie und zu welchen (finanziellen) Bedingungen welche Ressourcen zur Verf\u00fcgung stellt. \u00a0\u00a0\u00a0\u00a0\u00a0<\/span><\/p>\n","protected":false},"excerpt":{"rendered":"<p>\u00a0<\/p>\n<p style=\"text-align: center;\"><em><span style=\"font-family: arial,helvetica,sans-serif; font-size: small;\"><span style=\"font-family: arial,helvetica,sans-serif; font-size: small;\">von Wolfgang B\u00f6hler<\/span><\/span><\/em><\/p>\n<p>\u00a0<\/p>\n<p><span style=\"font-family: arial,helvetica,sans-serif; font-size: small;\"><span style=\"font-family: arial,helvetica,sans-serif; font-size: small;\">\u00a0<\/span><\/span><\/p>\n<p><span style=\"font-family: arial,helvetica,sans-serif; font-size: small;\"><img decoding=\"async\" src=\"images\/kolumnewb.jpg\" border=\"0\" alt=\"Portr\u00e4t Wolfgang B\u00f6hler\" style=\"float: left; margin: 8px;\" \/>07.03.2014 &#8212; Bern ist kulturpolitisch am Hyperventilieren: In der Schweizer Bundesstadt laufen einige Kulturdiskussionen teils parallel, teils seltsam verschr\u00e4nkt. Die Stadt hat im Januar zum Hearing eingeladen, die Leiterin der Abteilung Kulturelles will nun doch noch ein Kulturkonzept vorlegen, nachdem sie dies zuvor als unn\u00f6tig erachtete, einzelne Akteure rund um die Kunstsammlerin Carola Ertle, das unabh\u00e4ngige Kulturmagazin Ensuite und das Kornhausforum haben zur \u00abBerner Kulturkonferenz\u00bb eingeladen. Es gehe \u00abum Inhalte, nicht um Geld\u00bb, so das Credo der Konferenz. Das mutet etwas naiv an: Letztlich geht es auch diesen Akteuren ums Geld, n\u00e4mlich um\u00a0 die Frage, wie man begr\u00fcnden kann, dass diese mehr, daf\u00fcr jene weniger erhalten, denn die in der Kulturkonferenz und im Kulturdachverband Bekult (der auch die Kulturkonferenz unterst\u00fctzt) vereinten Institutionen sind im Wesentlichen die kulturellen Subventionsempf\u00e4nger der Stadt.<\/span><\/p>\n","protected":false},"author":1,"featured_media":0,"comment_status":"open","ping_status":"open","sticky":false,"template":"","format":"standard","meta":{"footnotes":""},"categories":[5],"tags":[],"class_list":["post-1275","post","type-post","status-publish","format-standard","hentry","category-editorials","entry"],"_links":{"self":[{"href":"https:\/\/codexflores.ch\/index.php\/wp-json\/wp\/v2\/posts\/1275","targetHints":{"allow":["GET"]}}],"collection":[{"href":"https:\/\/codexflores.ch\/index.php\/wp-json\/wp\/v2\/posts"}],"about":[{"href":"https:\/\/codexflores.ch\/index.php\/wp-json\/wp\/v2\/types\/post"}],"author":[{"embeddable":true,"href":"https:\/\/codexflores.ch\/index.php\/wp-json\/wp\/v2\/users\/1"}],"replies":[{"embeddable":true,"href":"https:\/\/codexflores.ch\/index.php\/wp-json\/wp\/v2\/comments?post=1275"}],"version-history":[{"count":0,"href":"https:\/\/codexflores.ch\/index.php\/wp-json\/wp\/v2\/posts\/1275\/revisions"}],"wp:attachment":[{"href":"https:\/\/codexflores.ch\/index.php\/wp-json\/wp\/v2\/media?parent=1275"}],"wp:term":[{"taxonomy":"category","embeddable":true,"href":"https:\/\/codexflores.ch\/index.php\/wp-json\/wp\/v2\/categories?post=1275"},{"taxonomy":"post_tag","embeddable":true,"href":"https:\/\/codexflores.ch\/index.php\/wp-json\/wp\/v2\/tags?post=1275"}],"curies":[{"name":"wp","href":"https:\/\/api.w.org\/{rel}","templated":true}]}}