{"id":1278,"date":"2014-03-10T07:08:36","date_gmt":"2014-03-10T07:08:36","guid":{"rendered":"https:\/\/codexflores.ch\/index.php\/2014\/03\/10\/intelligentes-und-aktives-modell-der-auditiven-wahrnehmung\/"},"modified":"2014-03-10T07:08:36","modified_gmt":"2014-03-10T07:08:36","slug":"intelligentes-und-aktives-modell-der-auditiven-wahrnehmung","status":"publish","type":"post","link":"https:\/\/codexflores.ch\/index.php\/2014\/03\/10\/intelligentes-und-aktives-modell-der-auditiven-wahrnehmung\/","title":{"rendered":"Intelligentes und aktives Modell der auditiven Wahrnehmung"},"content":{"rendered":"<p><span style=\"font-family: arial,helvetica,sans-serif; font-size: small;\">10.03.2014 &#8212; An der TU Berlin soll im Rahmen eines Projektes mit Namen \u00abTWO!EARS\u00bb ein intelligentes und aktives Modell der auditiven Wahrnehmung entwickelt werden. Die EU alimentiert das Vorhaben mit drei Millionen Euro.<\/span><\/p>\n<p><strong><span style=\"font-family: arial,helvetica,sans-serif; font-size: small;\">10.03.2014 &#8212; An der TU Berlin soll im Rahmen eines Projektes mit Namen \u00abTWO!EARS\u00bb ein intelligentes und aktives Modell der auditiven Wahrnehmung entwickelt werden. Die EU alimentiert das Vorhaben mit drei Millionen Euro.<\/span><\/strong><\/p>\n<p><span style=\"font-family: arial,helvetica,sans-serif; font-size: small;\">\u00a0<\/span><\/p>\n<p><span style=\"font-family: arial,helvetica,sans-serif; font-size: small;\">Bislang basierte die Geh\u00f6rmodellierung auf dem reinen Auswerten der Ohrsignale. Im neuen Ansatz soll eine bessere Vorhersage des Verstehens und Handelns von Menschen erm\u00f6glicht werden, indem auch eine hypothesengeleitete Verarbeitung mit einbezogen wird &#8211; das Vorwissen \u00fcber die Welt, das die signalgetriebene Verarbeitung steuert und verfeinert. <\/span><\/p>\n<p><span style=\"font-family: arial,helvetica,sans-serif; font-size: small;\">\u00a0<\/span><\/p>\n<p><span style=\"font-family: arial,helvetica,sans-serif; font-size: small;\">Dazu soll das System die beim H\u00f6ren entstehenden Wahrnehmungsereignisse erfassen und diese mit Informationen aus visueller und Eigenwahrnehmung (zum Beispiel zur eigenen Kopfposition oder Position im Raum) kombinieren. Es soll damit in der Lage sein, eine akustische Szene in der gleichen Weise zu beschreiben, wie es ein menschlicher Zuh\u00f6rer kann hinsichtlich Empfindungen wie Lautheit, Klangfarbe und r\u00e4umliche Ausdehnung sowie der Bedeutung der Szene, zum Beispiel, ob das Geh\u00f6rte von einer fremden oder vertrauten Stimme stammt. <\/span><\/p>\n<p><span style=\"font-family: arial,helvetica,sans-serif; font-size: small;\">\u00a0<\/span><\/p>\n<p><span style=\"font-family: arial,helvetica,sans-serif; font-size: small;\">Das System wird auf Basis einer Roboterplattform umgesetzt werden, die aktiv ihre physische Umwelt analysiert, sich anhand des Wahrgenommenen orientiert und sich in der Umgebung bewegt.<\/span><\/p>\n<p><span style=\"font-family: arial,helvetica,sans-serif; font-size: small;\">\u00a0<\/span><\/p>\n<p><span style=\"font-family: arial,helvetica,sans-serif; font-size: small;\"><strong>Mehr Infos<\/strong>: <a href=\"http:\/\/www.twoears.eu\" target=\"_blank\" rel=\"noopener noreferrer\">www.twoears.eu<\/a><\/span><\/p>\n<p>\u00a0<\/p>\n","protected":false},"excerpt":{"rendered":"<p><span style=\"font-family: arial,helvetica,sans-serif; font-size: small;\">10.03.2014 &#8212; An der TU Berlin soll im Rahmen eines Projektes mit Namen \u00abTWO!EARS\u00bb ein intelligentes und aktives Modell der auditiven Wahrnehmung entwickelt werden. Die EU alimentiert das Vorhaben mit drei Millionen Euro.<\/span><\/p>\n","protected":false},"author":1,"featured_media":0,"comment_status":"open","ping_status":"open","sticky":false,"template":"","format":"standard","meta":{"footnotes":""},"categories":[2],"tags":[],"class_list":["post-1278","post","type-post","status-publish","format-standard","hentry","category-nachrichten","entry"],"_links":{"self":[{"href":"https:\/\/codexflores.ch\/index.php\/wp-json\/wp\/v2\/posts\/1278","targetHints":{"allow":["GET"]}}],"collection":[{"href":"https:\/\/codexflores.ch\/index.php\/wp-json\/wp\/v2\/posts"}],"about":[{"href":"https:\/\/codexflores.ch\/index.php\/wp-json\/wp\/v2\/types\/post"}],"author":[{"embeddable":true,"href":"https:\/\/codexflores.ch\/index.php\/wp-json\/wp\/v2\/users\/1"}],"replies":[{"embeddable":true,"href":"https:\/\/codexflores.ch\/index.php\/wp-json\/wp\/v2\/comments?post=1278"}],"version-history":[{"count":0,"href":"https:\/\/codexflores.ch\/index.php\/wp-json\/wp\/v2\/posts\/1278\/revisions"}],"wp:attachment":[{"href":"https:\/\/codexflores.ch\/index.php\/wp-json\/wp\/v2\/media?parent=1278"}],"wp:term":[{"taxonomy":"category","embeddable":true,"href":"https:\/\/codexflores.ch\/index.php\/wp-json\/wp\/v2\/categories?post=1278"},{"taxonomy":"post_tag","embeddable":true,"href":"https:\/\/codexflores.ch\/index.php\/wp-json\/wp\/v2\/tags?post=1278"}],"curies":[{"name":"wp","href":"https:\/\/api.w.org\/{rel}","templated":true}]}}