{"id":1282,"date":"2014-03-12T06:44:18","date_gmt":"2014-03-12T06:44:18","guid":{"rendered":"https:\/\/codexflores.ch\/index.php\/2014\/03\/12\/educationprojekt-des-kammerorchesterbasel\/"},"modified":"2014-03-12T06:44:18","modified_gmt":"2014-03-12T06:44:18","slug":"educationprojekt-des-kammerorchesterbasel","status":"publish","type":"post","link":"https:\/\/codexflores.ch\/index.php\/2014\/03\/12\/educationprojekt-des-kammerorchesterbasel\/","title":{"rendered":"Educationprojekt des kammerorchesterbasel"},"content":{"rendered":"<p><span style=\"font-family: arial,helvetica,sans-serif; font-size: small;\">12.03.2014 &#8212; <span style=\"font-family: arial,helvetica,sans-serif; font-size: small;\"><span style=\"font-size: 10.0pt; font-family: 'Arial','sans-serif';\">Ein Educationprojekt der \u00f6sterlichen Art.<\/span><\/span>: <span style=\"font-size: 10.0pt; font-family: 'Arial','sans-serif';\">Am 25. M\u00e4rz pr\u00e4sentieren die Sch\u00fclerinnen und Sch\u00fcler der Basler Orientierungsschule Wettstein mit dem kammerorchesterbasel und dem Geiger Renaud Capu\u00e7on die Ergebnisse ihrer Besch\u00e4ftigung mit der Passion Jesu.<\/span><\/span><\/p>\n<p><strong><span style=\"font-family: arial,helvetica,sans-serif; font-size: small;\">12.03.2014 &#8212; <span style=\"font-family: arial,helvetica,sans-serif; font-size: small;\"><span style=\"font-size: 10pt; font-family: 'Arial','sans-serif';\">Ein Educationprojekt der \u00f6sterlichen Art. Am 25. M\u00e4rz pr\u00e4sentieren die Sch\u00fclerinnen und Sch\u00fcler der Basler Orientierungsschule Wettstein mit dem kammerorchesterbasel und dem Geiger Renaud Capu\u00e7on die <span style=\"font-size: small;\">Ergebnisse ihrer Besch\u00e4ftigung mit der Passion Jesu.\u00a0<\/span><\/span><\/span><\/span><\/strong><\/p>\n<p><span style=\"font-size: small;\">\u00a0<\/span><\/p>\n<p><span style=\"font-size: small;\">Seit sieben Monaten trifft sich die Schulklasse w\u00f6chentlich mit dem Solocellisten des kammerorchesterbasel, Christoph Dangel, und dem Theaterp\u00e4dagogen Martin Frank und setzt sich sch\u00f6pferisch mit dem Thema der Passionsgeschichte auseinander. Die Jugendlichen entwickeln \u00fcber Improvisationen ihre eigene, von Szenen aus der Passionsgeschichte inspirierte Passionsmusik. Sie erfahren dabei, wie Bild und Geschichte in Musik \u00fcbertragen werden k\u00f6nnen.<\/span><\/p>\n<p><span style=\"font-size: small;\">\u00a0<\/span><\/p>\n<p><span style=\"font-size: small;\">Diese unterschiedlichen Ann\u00e4herungen m\u00fcnden in eine multimediale Performance der Jugendlichen mit dem kammerorchesterbasel und Renaud Capu\u00e7on in der alten Druckerei des Ackermannshofs.\u00a0Auff\u00fchrungen dazu gibt&#8217;s am 25. M\u00e4rz 2014, 18 und 20 Uhr in der Druckerei des Ackermannshofs. Karten k\u00f6nnen \u00fcber <a href=\"http:\/\/kulturticket.ch\" target=\"_blank\" rel=\"noopener noreferrer\">kulturticket.ch<\/a> gel\u00f6st werden. <em>(cf)<\/em><\/span><\/p>\n","protected":false},"excerpt":{"rendered":"<p><span style=\"font-family: arial,helvetica,sans-serif; font-size: small;\">12.03.2014 &#8212; <span style=\"font-family: arial,helvetica,sans-serif; font-size: small;\"><span style=\"font-size: 10.0pt; font-family: 'Arial','sans-serif';\">Ein Educationprojekt der \u00f6sterlichen Art.<\/span><\/span>: <span style=\"font-size: 10.0pt; font-family: 'Arial','sans-serif';\">Am 25. M\u00e4rz pr\u00e4sentieren die Sch\u00fclerinnen und Sch\u00fcler der Basler Orientierungsschule Wettstein mit dem kammerorchesterbasel und dem Geiger Renaud Capu\u00e7on die Ergebnisse ihrer Besch\u00e4ftigung mit der Passion Jesu.<\/span><\/span><\/p>\n","protected":false},"author":1,"featured_media":0,"comment_status":"open","ping_status":"open","sticky":false,"template":"","format":"standard","meta":{"footnotes":""},"categories":[2],"tags":[],"class_list":["post-1282","post","type-post","status-publish","format-standard","hentry","category-nachrichten","entry"],"_links":{"self":[{"href":"https:\/\/codexflores.ch\/index.php\/wp-json\/wp\/v2\/posts\/1282","targetHints":{"allow":["GET"]}}],"collection":[{"href":"https:\/\/codexflores.ch\/index.php\/wp-json\/wp\/v2\/posts"}],"about":[{"href":"https:\/\/codexflores.ch\/index.php\/wp-json\/wp\/v2\/types\/post"}],"author":[{"embeddable":true,"href":"https:\/\/codexflores.ch\/index.php\/wp-json\/wp\/v2\/users\/1"}],"replies":[{"embeddable":true,"href":"https:\/\/codexflores.ch\/index.php\/wp-json\/wp\/v2\/comments?post=1282"}],"version-history":[{"count":0,"href":"https:\/\/codexflores.ch\/index.php\/wp-json\/wp\/v2\/posts\/1282\/revisions"}],"wp:attachment":[{"href":"https:\/\/codexflores.ch\/index.php\/wp-json\/wp\/v2\/media?parent=1282"}],"wp:term":[{"taxonomy":"category","embeddable":true,"href":"https:\/\/codexflores.ch\/index.php\/wp-json\/wp\/v2\/categories?post=1282"},{"taxonomy":"post_tag","embeddable":true,"href":"https:\/\/codexflores.ch\/index.php\/wp-json\/wp\/v2\/tags?post=1282"}],"curies":[{"name":"wp","href":"https:\/\/api.w.org\/{rel}","templated":true}]}}