{"id":1283,"date":"2014-03-12T07:07:08","date_gmt":"2014-03-12T07:07:08","guid":{"rendered":"https:\/\/codexflores.ch\/index.php\/2014\/03\/12\/lucerne-festival-erprobt-musikvermittlungsformate\/"},"modified":"2014-03-12T07:07:08","modified_gmt":"2014-03-12T07:07:08","slug":"lucerne-festival-erprobt-musikvermittlungsformate","status":"publish","type":"post","link":"https:\/\/codexflores.ch\/index.php\/2014\/03\/12\/lucerne-festival-erprobt-musikvermittlungsformate\/","title":{"rendered":"Lucerne Festival erprobt Musikvermittlungsformate"},"content":{"rendered":"<p><span style=\"font-family: arial,helvetica,sans-serif; font-size: small;\">12.03.2014 &#8212; Mit \u00abLucerne Festival Young Performance\u00bb f\u00fchrt Lucerne Festival diesen Sommer ein neues Konzertformat ein. Einbezogen sind dabei Gewinner des <span style=\"font-family: arial,helvetica,sans-serif; font-size: small;\">\u00abYEAH! Young European Award \u2013 Best Performance\u00bb<\/span>.\u00a0<span style=\"font-family: arial,helvetica,sans-serif; font-size: small;\"> <span style=\"font-family: arial,helvetica,sans-serif; font-size: small;\"><span style=\"font-family: arial,helvetica,sans-serif; font-size: small;\">\u00ab<\/span><\/span>Lucerne Festival 40min<span style=\"font-family: arial,helvetica,sans-serif; font-size: small;\"><em><span style=\"font-family: arial,helvetica,sans-serif; font-size: small;\"><span style=\"font-family: arial,helvetica,sans-serif; font-size: small;\">\u00bb<\/span><\/span><\/em><\/span> pr\u00e4sentiert zudem jeweils am fr\u00fchen Abend ausgew\u00e4hlte Festivalk\u00fcnstler in Werkstattatmosph\u00e4re.<\/span><\/span><\/p>\n<p>\u00a0<\/p>\n<p><strong><span style=\"font-family: arial,helvetica,sans-serif; font-size: small;\"><span style=\"font-family: arial,helvetica,sans-serif; font-size: small;\">12.03.2014 &#8212;\u00a0<span style=\"font-family: arial,helvetica,sans-serif; font-size: small;\">Mit \u00abLucerne Festival Young Performance\u00bb f\u00fchrt Lucerne Festival diesen Sommer ein neues Konzertformat ein. Einbezogen sind dabei Gewinner des <span style=\"font-family: arial,helvetica,sans-serif; font-size: small;\">\u00abYEAH! Young European Award \u2013 Best Performance\u00bb<\/span>.\u00a0<span style=\"font-family: arial,helvetica,sans-serif; font-size: small;\"> <span style=\"font-family: arial,helvetica,sans-serif; font-size: small;\"><span style=\"font-family: arial,helvetica,sans-serif; font-size: small;\">\u00ab<\/span><\/span>Lucerne Festival 40min<span style=\"font-family: arial,helvetica,sans-serif; font-size: small;\"><em><span style=\"font-family: arial,helvetica,sans-serif; font-size: small;\"><span style=\"font-family: arial,helvetica,sans-serif; font-size: small;\">\u00bb<\/span><\/span><\/em><\/span> pr\u00e4sentiert zudem jeweils am fr\u00fchen Abend ausgew\u00e4hlte Festivalk\u00fcnstler in Werkstattatmosph\u00e4re.<\/span><\/span><\/span><\/span><\/strong><\/p>\n<p><span style=\"font-family: arial,helvetica,sans-serif; font-size: small;\"><span style=\"font-family: arial,helvetica,sans-serif; font-size: small;\">\u00a0<\/span><\/span><\/p>\n<p><span style=\"font-family: arial,helvetica,sans-serif; font-size: small;\">Das <span style=\"font-family: arial,helvetica,sans-serif; font-size: small;\">Young-Performance-<\/span>Pilotprojekt firmiert unter dem Titel <span style=\"font-family: arial,helvetica,sans-serif; font-size: small;\">\u00ab<\/span><em>HERO\u00efCA<span style=\"font-family: arial,helvetica,sans-serif; font-size: small;\"><span style=\"font-family: arial,helvetica,sans-serif; font-size: small;\">\u00bb<\/span><\/span><\/em>. Der Formatleiter Johannes Fuchs hat dazu ein internationales Team zusammengestellt, das seit Januar in verschiedenen Arbeitsphasen an dem Unterfangen arbeitet. Der luxemburgische Regisseur Dan Tanson, der 2011 und 2013 mit dem \u00abYEAH! Young European Award \u2013 Best Performance\u00bb ausgezeichnet worden ist, bildet mit der Choreografin Laura van Hal das Kreativteam f\u00fcr Konzept und Inszenierung. <span style=\"font-family: arial,helvetica,sans-serif; font-size: small;\">Das siebenk\u00f6pfige Ensemble ist aus Teilnehmern der\u00a0<span style=\"font-family: arial,helvetica,sans-serif; font-size: small;\">Lucerne Festival <\/span> Academy gecastet worden.<\/span><\/span><\/p>\n<p><span style=\"font-family: arial,helvetica,sans-serif; font-size: small;\">\u00a0<\/span><\/p>\n<p><span style=\"font-family: arial,helvetica,sans-serif; font-size: small;\"> Zu erwarten sei \u00abeine virtuose Musikperformance zwischen Mutprobe, Akrobatik und Spielwitz\u00bb, schreibt Lucerne Festival. Sie ist am 13. September als Familienkonzert im Luzerner Saal zu erleben und geht im Anschluss auf Tournee durch die Schweiz und nach Luxembourg. <\/span><\/p>\n<p><span style=\"font-family: arial,helvetica,sans-serif; font-size: small;\">\u00a0<\/span><\/p>\n<p><span style=\"font-family: arial,helvetica,sans-serif; font-size: small;\">Mit <span style=\"font-family: arial,helvetica,sans-serif; font-size: small;\"><span style=\"font-family: arial,helvetica,sans-serif; font-size: small;\">\u00ab<\/span><\/span>Lucerne Festival 40min<span style=\"font-family: arial,helvetica,sans-serif; font-size: small;\"><em><span style=\"font-family: arial,helvetica,sans-serif; font-size: small;\"><span style=\"font-family: arial,helvetica,sans-serif; font-size: small;\">\u00bb<\/span><\/span><\/em><\/span> pr\u00e4sentiert das Festival zudem insgesamt zehnmal w\u00e4hrend des Festivals am fr\u00fchen Abend ausgew\u00e4hlte Festivalk\u00fcnstler, die zeigen, wie neue Werke entstehen, wie eine Probe abl\u00e4uft oder was sich bei der Interpretation \u00ababspielt\u00bb. In diesem Rahmen stellt sich dann zum Beispiel Composer-in-residence Johannes Maria Staud vor, ein andermal ist das Mahler Chamber Orchestra hautnah in einer Dvo\u0159\u00e1k-Probe zu erleben.\u00a0<em>(cf)<\/em><br \/><\/span><\/p>\n","protected":false},"excerpt":{"rendered":"<p><span style=\"font-family: arial,helvetica,sans-serif; font-size: small;\">12.03.2014 &#8212; Mit \u00abLucerne Festival Young Performance\u00bb f\u00fchrt Lucerne Festival diesen Sommer ein neues Konzertformat ein. Einbezogen sind dabei Gewinner des <span style=\"font-family: arial,helvetica,sans-serif; font-size: small;\">\u00abYEAH! Young European Award \u2013 Best Performance\u00bb<\/span>.\u00a0<span style=\"font-family: arial,helvetica,sans-serif; font-size: small;\"> <span style=\"font-family: arial,helvetica,sans-serif; font-size: small;\"><span style=\"font-family: arial,helvetica,sans-serif; font-size: small;\">\u00ab<\/span><\/span>Lucerne Festival 40min<span style=\"font-family: arial,helvetica,sans-serif; font-size: small;\"><em><span style=\"font-family: arial,helvetica,sans-serif; font-size: small;\"><span style=\"font-family: arial,helvetica,sans-serif; font-size: small;\">\u00bb<\/span><\/span><\/em><\/span> pr\u00e4sentiert zudem jeweils am fr\u00fchen Abend ausgew\u00e4hlte Festivalk\u00fcnstler in Werkstattatmosph\u00e4re.<\/span><\/span><\/p>\n","protected":false},"author":1,"featured_media":0,"comment_status":"open","ping_status":"open","sticky":false,"template":"","format":"standard","meta":{"footnotes":""},"categories":[2],"tags":[],"class_list":["post-1283","post","type-post","status-publish","format-standard","hentry","category-nachrichten","entry"],"_links":{"self":[{"href":"https:\/\/codexflores.ch\/index.php\/wp-json\/wp\/v2\/posts\/1283","targetHints":{"allow":["GET"]}}],"collection":[{"href":"https:\/\/codexflores.ch\/index.php\/wp-json\/wp\/v2\/posts"}],"about":[{"href":"https:\/\/codexflores.ch\/index.php\/wp-json\/wp\/v2\/types\/post"}],"author":[{"embeddable":true,"href":"https:\/\/codexflores.ch\/index.php\/wp-json\/wp\/v2\/users\/1"}],"replies":[{"embeddable":true,"href":"https:\/\/codexflores.ch\/index.php\/wp-json\/wp\/v2\/comments?post=1283"}],"version-history":[{"count":0,"href":"https:\/\/codexflores.ch\/index.php\/wp-json\/wp\/v2\/posts\/1283\/revisions"}],"wp:attachment":[{"href":"https:\/\/codexflores.ch\/index.php\/wp-json\/wp\/v2\/media?parent=1283"}],"wp:term":[{"taxonomy":"category","embeddable":true,"href":"https:\/\/codexflores.ch\/index.php\/wp-json\/wp\/v2\/categories?post=1283"},{"taxonomy":"post_tag","embeddable":true,"href":"https:\/\/codexflores.ch\/index.php\/wp-json\/wp\/v2\/tags?post=1283"}],"curies":[{"name":"wp","href":"https:\/\/api.w.org\/{rel}","templated":true}]}}