{"id":1285,"date":"2014-03-13T07:09:03","date_gmt":"2014-03-13T07:09:03","guid":{"rendered":"https:\/\/codexflores.ch\/index.php\/2014\/03\/13\/faz-dampft-cd-besprechungen-ein\/"},"modified":"2014-03-13T07:09:03","modified_gmt":"2014-03-13T07:09:03","slug":"faz-dampft-cd-besprechungen-ein","status":"publish","type":"post","link":"https:\/\/codexflores.ch\/index.php\/2014\/03\/13\/faz-dampft-cd-besprechungen-ein\/","title":{"rendered":"FAZ dampft CD-Besprechungen ein"},"content":{"rendered":"<p><span style=\"font-family: arial,helvetica,sans-serif; font-size: small;\">13.03.2014 &#8212; Zeichen des medialen Wandels: Laut dem britischen Musikpublizisten Norman Lebrecht hat die FAZ (Frankfurter Allgemeine Zeitung) ihre Seite mit CD-Besprechungen drastisch zusammengestrichen.<\/span><\/p>\n<p><span style=\"font-family: arial,helvetica,sans-serif; font-size: small;\"><strong>13.03.2014 &#8212; Zeichen des medialen Wandels: Laut dem britischen Musikpublizisten Norman Lebrecht hat die FAZ (Frankfurter Allgemeine Zeitung) ihre Seite mit CD-Besprechungen drastisch zusammengestrichen.<\/strong><\/span><\/p>\n<p><span style=\"font-family: arial,helvetica,sans-serif; font-size: small;\">\u00a0<\/span><\/p>\n<p><span style=\"font-family: arial,helvetica,sans-serif; font-size: small;\">Musikjournalisten fragen sich immer mal wieder, ob ihre Texte Auswirkungen auf die Ums\u00e4tze der Labels haben. Im Falle der FAZ soll ein solcher von einem lokalen Frankfurter H\u00e4ndler best\u00e4tigt worden sein, schreibt Lebrecht. Eine Besprechung einer C.P.E.-Bach-CD durch die [herausragende, Cf] Rezensentin Eleonore B\u00fcning habe lokal zu einem deutlichen Anstieg der Verk\u00e4ufe gef\u00fchrt.<\/span><\/p>\n<p><span style=\"font-family: arial,helvetica,sans-serif; font-size: small;\">\u00a0<\/span><\/p>\n<p><span style=\"font-family: arial,helvetica,sans-serif; font-size: small;\">Dass die FAZ die CD-Besprechungen mutmasslich weitgehend aufgibt (von einer ganzen Seite auf eine bis keine Besprechung), ist ein Zeichen mehr daf\u00fcr, dass der Musikdiskurs sich von den CD-Lancierungen definitiv wegbewegt hat. Verantwortlich daf\u00fcr ist ein paradoxes Ph\u00e4nomen: Nicht die immer geringeren Verkaufszahlen sind f\u00fcr die faktische \u00e4sthetische Irrelevanz von CD-Produktionen verantwortlich, sondern die nach wie vor steigende Massenflut an Produktionen. <em>(cf)\u00a0<\/em><\/span><\/p>\n<p><span style=\"font-family: arial,helvetica,sans-serif; font-size: small;\">\u00a0<\/span><\/p>\n","protected":false},"excerpt":{"rendered":"<p><span style=\"font-family: arial,helvetica,sans-serif; font-size: small;\">13.03.2014 &#8212; Zeichen des medialen Wandels: Laut dem britischen Musikpublizisten Norman Lebrecht hat die FAZ (Frankfurter Allgemeine Zeitung) ihre Seite mit CD-Besprechungen drastisch zusammengestrichen.<\/span><\/p>\n","protected":false},"author":1,"featured_media":0,"comment_status":"open","ping_status":"open","sticky":false,"template":"","format":"standard","meta":{"footnotes":""},"categories":[2],"tags":[],"class_list":["post-1285","post","type-post","status-publish","format-standard","hentry","category-nachrichten","entry"],"_links":{"self":[{"href":"https:\/\/codexflores.ch\/index.php\/wp-json\/wp\/v2\/posts\/1285","targetHints":{"allow":["GET"]}}],"collection":[{"href":"https:\/\/codexflores.ch\/index.php\/wp-json\/wp\/v2\/posts"}],"about":[{"href":"https:\/\/codexflores.ch\/index.php\/wp-json\/wp\/v2\/types\/post"}],"author":[{"embeddable":true,"href":"https:\/\/codexflores.ch\/index.php\/wp-json\/wp\/v2\/users\/1"}],"replies":[{"embeddable":true,"href":"https:\/\/codexflores.ch\/index.php\/wp-json\/wp\/v2\/comments?post=1285"}],"version-history":[{"count":0,"href":"https:\/\/codexflores.ch\/index.php\/wp-json\/wp\/v2\/posts\/1285\/revisions"}],"wp:attachment":[{"href":"https:\/\/codexflores.ch\/index.php\/wp-json\/wp\/v2\/media?parent=1285"}],"wp:term":[{"taxonomy":"category","embeddable":true,"href":"https:\/\/codexflores.ch\/index.php\/wp-json\/wp\/v2\/categories?post=1285"},{"taxonomy":"post_tag","embeddable":true,"href":"https:\/\/codexflores.ch\/index.php\/wp-json\/wp\/v2\/tags?post=1285"}],"curies":[{"name":"wp","href":"https:\/\/api.w.org\/{rel}","templated":true}]}}