{"id":1286,"date":"2014-03-13T07:23:12","date_gmt":"2014-03-13T07:23:12","guid":{"rendered":"https:\/\/codexflores.ch\/index.php\/2014\/03\/13\/musikrat-verleiht-musik-gordi-an-kretschmann\/"},"modified":"2014-03-13T07:23:12","modified_gmt":"2014-03-13T07:23:12","slug":"musikrat-verleiht-musik-gordi-an-kretschmann","status":"publish","type":"post","link":"https:\/\/codexflores.ch\/index.php\/2014\/03\/13\/musikrat-verleiht-musik-gordi-an-kretschmann\/","title":{"rendered":"Musikrat verleiht Musik-Gordi an Kretschmann"},"content":{"rendered":"<p><span style=\"font-family: arial,helvetica,sans-serif; font-size: small;\">13.03.2014 &#8212; Der Deutsche Musikrat verleiht heute im Rahmen der Frankfurter Musikmesse einen \u00abMusik-Gordi\u00bb an den Ministerpr\u00e4sidenten Winfried Kretschmann, weil dieser sich gegen\u00fcber Protesten zur geplanten Fusion der SWR-Klangk\u00f6rper immun zeige.<\/span><\/p>\n<p>\u00a0<\/p>\n<p><strong><span style=\"font-family: arial,helvetica,sans-serif; font-size: small;\">13.03.2014 &#8212; Der Deutsche Musikrat verleiht heute im Rahmen der Frankfurter Musikmesse einen \u00abMusik-Gordi\u00bb an den Ministerpr\u00e4sidenten Winfried Kretschmann, weil dieser sich gegen\u00fcber Protesten zur geplanten Fusion der SWR-Klangk\u00f6rper immun zeige.<\/span><\/strong><\/p>\n<p>\u00a0<\/p>\n<p><span style=\"font-family: arial,helvetica,sans-serif; font-size: small;\"> Nationale und internationale Proteste w\u00fcrden in den G\u00e4ngen des Staatsministeriums verhallen, erkl\u00e4rt dazu Martin Maria Kr\u00fcger, der Pr\u00e4sident des Deutschen Musikrates. Die Art und Weise der Kommunikation sei dabei \u00abschlicht schlechter Stil\u00bb und setze sich \u00ab\u00fcber die breite Front des Engagements von K\u00fcnstlern und Kultureinrichtungen sowie die Vielfalt der Argumente ohne eine inhaltliche Auseinandersetzung von Seiten des Ministerpr\u00e4sidenten hinweg.<\/span><\/p>\n<p><span style=\"font-family: arial,helvetica,sans-serif; font-size: small;\">\u00a0<\/span><\/p>\n<p><span style=\"font-family: arial,helvetica,sans-serif; font-size: small;\">Der\u00a0\u00abMusik-Gordi\u00bb wurde von dem Magazin Musik<em>f<\/em>orum gemeinsam mit der neuen musikzeitung ins Leben gerufen. Die Verleihung findet am Donnerstag, 13. M\u00e4rz 2014 um 14.30 Uhr in Halle 3.1, Stand D41 der Musikmesse Frankfurt statt. Der Preis selbst hat die Form einer verknoteten Blockfl\u00f6te und wurde im vergangenen Jahr erstmals an Harald Augter, Rundfunkratsvorsitzender des SWR, vergeben.<em> (cf)<\/em><br \/><\/span><\/p>\n","protected":false},"excerpt":{"rendered":"<p><span style=\"font-family: arial,helvetica,sans-serif; font-size: small;\">13.03.2014 &#8212; Der Deutsche Musikrat verleiht heute im Rahmen der Frankfurter Musikmesse einen \u00abMusik-Gordi\u00bb an den Ministerpr\u00e4sidenten Winfried Kretschmann, weil dieser sich gegen\u00fcber Protesten zur geplanten Fusion der SWR-Klangk\u00f6rper immun zeige.<\/span><\/p>\n","protected":false},"author":1,"featured_media":0,"comment_status":"open","ping_status":"open","sticky":false,"template":"","format":"standard","meta":{"footnotes":""},"categories":[2],"tags":[],"class_list":["post-1286","post","type-post","status-publish","format-standard","hentry","category-nachrichten","entry"],"_links":{"self":[{"href":"https:\/\/codexflores.ch\/index.php\/wp-json\/wp\/v2\/posts\/1286","targetHints":{"allow":["GET"]}}],"collection":[{"href":"https:\/\/codexflores.ch\/index.php\/wp-json\/wp\/v2\/posts"}],"about":[{"href":"https:\/\/codexflores.ch\/index.php\/wp-json\/wp\/v2\/types\/post"}],"author":[{"embeddable":true,"href":"https:\/\/codexflores.ch\/index.php\/wp-json\/wp\/v2\/users\/1"}],"replies":[{"embeddable":true,"href":"https:\/\/codexflores.ch\/index.php\/wp-json\/wp\/v2\/comments?post=1286"}],"version-history":[{"count":0,"href":"https:\/\/codexflores.ch\/index.php\/wp-json\/wp\/v2\/posts\/1286\/revisions"}],"wp:attachment":[{"href":"https:\/\/codexflores.ch\/index.php\/wp-json\/wp\/v2\/media?parent=1286"}],"wp:term":[{"taxonomy":"category","embeddable":true,"href":"https:\/\/codexflores.ch\/index.php\/wp-json\/wp\/v2\/categories?post=1286"},{"taxonomy":"post_tag","embeddable":true,"href":"https:\/\/codexflores.ch\/index.php\/wp-json\/wp\/v2\/tags?post=1286"}],"curies":[{"name":"wp","href":"https:\/\/api.w.org\/{rel}","templated":true}]}}