{"id":1287,"date":"2014-03-16T13:50:06","date_gmt":"2014-03-16T13:50:06","guid":{"rendered":"https:\/\/codexflores.ch\/index.php\/2014\/03\/16\/schweizer-musikzeitung-nr-3-2014\/"},"modified":"2014-03-16T13:50:06","modified_gmt":"2014-03-16T13:50:06","slug":"schweizer-musikzeitung-nr-3-2014","status":"publish","type":"post","link":"https:\/\/codexflores.ch\/index.php\/2014\/03\/16\/schweizer-musikzeitung-nr-3-2014\/","title":{"rendered":"Schweizer Musikzeitung Nr. 3\/2014"},"content":{"rendered":"<p><img decoding=\"async\" src=\"images\/zeitschriften_covers\/1403smz.jpg\" border=\"0\" alt=\"Cover SMZ\" style=\"float: left; margin: 8px;\" \/><\/p>\n<p><strong><span style=\"font-family: arial,helvetica,sans-serif; font-size: small;\">FOCUS<\/span><\/strong><\/p>\n<p><strong><span style=\"font-family: arial,helvetica,sans-serif; font-size: small;\">\u00a0&#8230; wie der Pfuscher zum Handwerk?<\/span><\/strong><br \/><span style=\"font-family: arial,helvetica,sans-serif; font-size: small;\">Eine Hommage an den Amateur und seine Vorl\u00e4ufer<\/span><\/p>\n<p><span style=\"font-family: arial,helvetica,sans-serif; font-size: small;\">Comme un bricoleur?<\/span><\/p>\n<p><strong><span style=\"font-family: arial,helvetica,sans-serif; font-size: small;\">Gibt es im Musikbetrieb einen Dilettantengraben?<\/span><\/strong><\/p>\n<p><em><span style=\"font-family: arial,helvetica,sans-serif; font-size: small;\">Leserinnen und Leser antworten<\/span><\/em><\/p>\n<p><span style=\"font-family: arial,helvetica,sans-serif; font-size: small;\">Existe-t-il une barri\u00e8re des amateurs, comme une barri\u00e8re des r\u00f6stis ?<\/span><\/p>\n<p><em><span style=\"font-family: arial,helvetica,sans-serif; font-size: small;\">R\u00e9ponses de nos lecteurs et lectrices<\/span><\/em><\/p>\n<p><strong><span style=\"font-family: arial,helvetica,sans-serif; font-size: small;\">Partager son savoir-jouer<\/span><\/strong><\/p>\n<p><em><span style=\"font-family: arial,helvetica,sans-serif; font-size: small;\">Petit panorama des musiciens amateurs en Suisse romande<\/span><\/em><\/p>\n<p><span style=\"font-family: arial,helvetica,sans-serif; font-size: small;\">Amateurmusiker und ihre Weiterbildung in der Romandie<\/span><\/p>\n<p><strong><span style=\"font-family: arial,helvetica,sans-serif; font-size: small;\">Singen Amateure sch\u00f6ner als Profis?<\/span><\/strong><\/p>\n<p><em><span style=\"font-family: arial,helvetica,sans-serif; font-size: small;\">Die Leiterin des Europ\u00e4ischen Jugendchorfestivals sucht Antworten<\/span><\/em><\/p>\n<p><span style=\"font-family: arial,helvetica,sans-serif; font-size: small;\">Les amateurs chantent-ils mieux que les professionnels ?<\/span><\/p>\n<p><span style=\"font-family: arial,helvetica,sans-serif; font-size: small;\">\u00a0<\/span><\/p>\n<p><strong><span style=\"font-family: arial,helvetica,sans-serif; font-size: small;\">Die Anerkennung ist mit Geld nicht aufzuwiegen<\/span><\/strong><\/p>\n<p><em><span style=\"font-family: arial,helvetica,sans-serif; font-size: small;\">Gespr\u00e4ch \u00fcber die Laienf\u00f6rderung des BAK und von Pro Helvetia<\/span><\/em><\/p>\n<p><span style=\"font-family: arial,helvetica,sans-serif; font-size: small;\">L\u2019argent ne remplace pas la reconnaissance, selon l\u2019OFC et Pro Helvetia<\/span><\/p>\n<p><strong><span style=\"font-family: arial,helvetica,sans-serif; font-size: small;\">RESONANCES<\/span><\/strong><\/p>\n<p><span style=\"font-family: arial,helvetica,sans-serif; font-size: small;\">Pianos historiques : t\u00e9moins des caract\u00e9ristiques stylistiques du pass\u00e9<\/span><\/p>\n<p><span style=\"font-family: arial,helvetica,sans-serif; font-size: small;\">In Bruno Molls neuem Film interpretieren Amateure Schubertlieder<\/span><\/p>\n<p><span style=\"font-family: arial,helvetica,sans-serif; font-size: small;\">Maria Portens Hexenkonzerte und Mischa K\u00e4sers Verhext<\/span><\/p>\n<p><span style=\"font-family: arial,helvetica,sans-serif; font-size: small;\">Le jeune festival lausannois N\/O\/D\/E<\/span><\/p>\n<p><span style=\"font-family: arial,helvetica,sans-serif; font-size: small;\">Rezensionen Klassik\/Jazz\/Rock &amp; Pop, Leserbrief<\/span><\/p>\n<p><span style=\"font-family: arial,helvetica,sans-serif; font-size: small;\">Nouvelles publications classiques\/jazz\/rock &amp; pop, courrier des lecteurs<\/span><\/p>\n<p><span style=\"font-family: arial,helvetica,sans-serif; font-size: small;\">Carte Blanche<\/span><\/p>\n<p><strong><span style=\"font-family: arial,helvetica,sans-serif; font-size: small;\">CAMPUS<\/span><\/strong><\/p>\n<p><span style=\"font-family: arial,helvetica,sans-serif; font-size: small;\">2Modelle der Begabungsf\u00f6rderung am Forum Musikalische Bildung<\/span><\/p>\n<p><span style=\"font-family: arial,helvetica,sans-serif; font-size: small;\">Les Concerts sacr\u00e9s de Duke Ellington par les \u00e9tudiants de l\u2019HEMU<\/span><\/p>\n<p><span style=\"font-family: arial,helvetica,sans-serif; font-size: small;\">\u00a0<\/span><\/p>\n<p>Webseite: <a href=\"http:\/\/www.musikzeitung.ch\" target=\"_blank\" rel=\"noopener noreferrer\">www.musikzeitung.ch<\/a><\/p>\n<p>\u00a0<\/p>\n","protected":false},"excerpt":{"rendered":"<p>FOCUS \u00a0&#8230; wie der Pfuscher zum Handwerk?Eine Hommage an den Amateur und seine Vorl\u00e4ufer Comme un bricoleur? Gibt es im&#8230;<\/p>\n","protected":false},"author":1,"featured_media":0,"comment_status":"open","ping_status":"open","sticky":false,"template":"","format":"standard","meta":{"footnotes":""},"categories":[10],"tags":[],"class_list":["post-1287","post","type-post","status-publish","format-standard","hentry","category-fachzeitschriften","entry"],"_links":{"self":[{"href":"https:\/\/codexflores.ch\/index.php\/wp-json\/wp\/v2\/posts\/1287","targetHints":{"allow":["GET"]}}],"collection":[{"href":"https:\/\/codexflores.ch\/index.php\/wp-json\/wp\/v2\/posts"}],"about":[{"href":"https:\/\/codexflores.ch\/index.php\/wp-json\/wp\/v2\/types\/post"}],"author":[{"embeddable":true,"href":"https:\/\/codexflores.ch\/index.php\/wp-json\/wp\/v2\/users\/1"}],"replies":[{"embeddable":true,"href":"https:\/\/codexflores.ch\/index.php\/wp-json\/wp\/v2\/comments?post=1287"}],"version-history":[{"count":0,"href":"https:\/\/codexflores.ch\/index.php\/wp-json\/wp\/v2\/posts\/1287\/revisions"}],"wp:attachment":[{"href":"https:\/\/codexflores.ch\/index.php\/wp-json\/wp\/v2\/media?parent=1287"}],"wp:term":[{"taxonomy":"category","embeddable":true,"href":"https:\/\/codexflores.ch\/index.php\/wp-json\/wp\/v2\/categories?post=1287"},{"taxonomy":"post_tag","embeddable":true,"href":"https:\/\/codexflores.ch\/index.php\/wp-json\/wp\/v2\/tags?post=1287"}],"curies":[{"name":"wp","href":"https:\/\/api.w.org\/{rel}","templated":true}]}}