{"id":1289,"date":"2014-03-17T07:28:11","date_gmt":"2014-03-17T07:28:11","guid":{"rendered":"https:\/\/codexflores.ch\/index.php\/2014\/03\/17\/lyoner-oper-will-dorny-nicht-zurueckhaben\/"},"modified":"2014-03-17T07:28:11","modified_gmt":"2014-03-17T07:28:11","slug":"lyoner-oper-will-dorny-nicht-zurueckhaben","status":"publish","type":"post","link":"https:\/\/codexflores.ch\/index.php\/2014\/03\/17\/lyoner-oper-will-dorny-nicht-zurueckhaben\/","title":{"rendered":"Lyoner Oper will Dorny nicht zur\u00fcckhaben"},"content":{"rendered":"<p><span style=\"font-family: arial,helvetica,sans-serif; font-size: small;\">17.03.2014 &#8212; Die Mitarbeiter der Oper von Lyon wenden sich in einem offenen Brief an die franz\u00f6sische Kulturministerin und machen klar, dass sie den in Dresden vorzeitig entlassenen Direktor Serge Dorny nicht mehr zur\u00fcckhaben wollen.<\/span><\/p>\n<p>\u00a0<\/p>\n<p><strong><span style=\"font-family: arial,helvetica,sans-serif; font-size: small;\"> 17.03.2014 &#8212; Die Mitarbeiter der Oper von Lyon wenden sich in einem offenen Brief an die franz\u00f6sische Kulturministerin und machen klar, dass sie den in Dresden vorzeitig entlassenen Direktor Serge Dorny nicht mehr zur\u00fcckhaben wollen.<\/span><\/strong><\/p>\n<p>\u00a0<\/p>\n<p><span style=\"font-size: small;\">Sie seien erfreut dar\u00fcber, heisst es in dem offenen Brief, dass man in Dresden schnell realisiert habe, welche Pers\u00f6nlichkeit und welche Limiten Dorny pr\u00e4gten. In Lyon habe man zehn Jahre unter ihm gelitten. Mit \u00dcberraschung habe man zur Kenntnis genommen, dass er sich nun bem\u00fche, wieder zu seinem eigenen Nachfolger in Lyon zu werden. <\/span><\/p>\n<p><span style=\"font-size: small;\">\u00a0<\/span><\/p>\n<p><span style=\"font-size: small;\">Dorny habe das Haus autorit\u00e4r gef\u00fchrt, ohne \u00fcber echte menschliche Autorit\u00e4t zu verf\u00fcgen, er habe kaum delegiert und ein Klima des Misstrauens geschaffen. Zudem h\u00e4tten Ereignisse wie die Absage einer Parsifal-Produktion im Jahr 2012 seine faktischen administrativen Schw\u00e4chen offensichtlich gemacht. <br \/><\/span><\/p>\n<p><span style=\"font-size: small;\">\u00a0<\/span><\/p>\n<p><span style=\"font-size: small;\">Der Brief ist von Mitarbeitern aus k\u00fcnstlerischen, technischen und administrativen Bereichen verfasst und von der Mehrheit des Personals abgesegnet worden. Er findet sich <a href=\"http:\/\/www.resmusica.com\/wp-content\/uploads\/2014\/03\/lettre-ouverte.pdf\" target=\"_blank\" rel=\"noopener noreferrer\">hier<\/a> (auf Franz\u00f6sisch) im Web. <em>(cf)\u00a0<\/em> <br \/><\/span><\/p>\n","protected":false},"excerpt":{"rendered":"<p><span style=\"font-family: arial,helvetica,sans-serif; font-size: small;\">17.03.2014 &#8212; Die Mitarbeiter der Oper von Lyon wenden sich in einem offenen Brief an die franz\u00f6sische Kulturministerin und machen klar, dass sie den in Dresden vorzeitig entlassenen Direktor Serge Dorny nicht mehr zur\u00fcckhaben wollen.<\/span><\/p>\n","protected":false},"author":1,"featured_media":0,"comment_status":"open","ping_status":"open","sticky":false,"template":"","format":"standard","meta":{"footnotes":""},"categories":[2],"tags":[],"class_list":["post-1289","post","type-post","status-publish","format-standard","hentry","category-nachrichten","entry"],"_links":{"self":[{"href":"https:\/\/codexflores.ch\/index.php\/wp-json\/wp\/v2\/posts\/1289","targetHints":{"allow":["GET"]}}],"collection":[{"href":"https:\/\/codexflores.ch\/index.php\/wp-json\/wp\/v2\/posts"}],"about":[{"href":"https:\/\/codexflores.ch\/index.php\/wp-json\/wp\/v2\/types\/post"}],"author":[{"embeddable":true,"href":"https:\/\/codexflores.ch\/index.php\/wp-json\/wp\/v2\/users\/1"}],"replies":[{"embeddable":true,"href":"https:\/\/codexflores.ch\/index.php\/wp-json\/wp\/v2\/comments?post=1289"}],"version-history":[{"count":0,"href":"https:\/\/codexflores.ch\/index.php\/wp-json\/wp\/v2\/posts\/1289\/revisions"}],"wp:attachment":[{"href":"https:\/\/codexflores.ch\/index.php\/wp-json\/wp\/v2\/media?parent=1289"}],"wp:term":[{"taxonomy":"category","embeddable":true,"href":"https:\/\/codexflores.ch\/index.php\/wp-json\/wp\/v2\/categories?post=1289"},{"taxonomy":"post_tag","embeddable":true,"href":"https:\/\/codexflores.ch\/index.php\/wp-json\/wp\/v2\/tags?post=1289"}],"curies":[{"name":"wp","href":"https:\/\/api.w.org\/{rel}","templated":true}]}}