{"id":1296,"date":"2014-03-20T06:44:38","date_gmt":"2014-03-20T06:44:38","guid":{"rendered":"https:\/\/codexflores.ch\/index.php\/2014\/03\/20\/kamensek-verlaesst-staatsoper-hannover\/"},"modified":"2014-03-20T06:44:38","modified_gmt":"2014-03-20T06:44:38","slug":"kamensek-verlaesst-staatsoper-hannover","status":"publish","type":"post","link":"https:\/\/codexflores.ch\/index.php\/2014\/03\/20\/kamensek-verlaesst-staatsoper-hannover\/","title":{"rendered":"Kamensek verl\u00e4sst Staatsoper Hannover"},"content":{"rendered":"<p><span style=\"font-family: arial,helvetica,sans-serif; font-size: small;\">20.03.2014 &#8212; Karen Kamensek, die Generalmusikdirektorin der Staatsoper Hannover, wird ihren Vertrag \u00fcber die Spielzeit 2015\/2016 hinaus nicht fortf\u00fchren. Sie will sich \u00abab diesem Zeitpunkt vor allem auf ihre internationalen Verpflichtungen konzentrieren zu k\u00f6nnen\u00bb.<\/span><\/p>\n<p>\u00a0<\/p>\n<p><strong><span style=\"font-family: arial,helvetica,sans-serif; font-size: small;\"><span style=\"font-family: arial,helvetica,sans-serif; font-size: small;\">20.03.2014 &#8212; Karen Kamensek, die Generalmusikdirektorin der Staatsoper Hannover, wird ihren Vertrag \u00fcber die Spielzeit 2015\/2016 hinaus nicht fortf\u00fchren. Sie will sich \u00abab diesem Zeitpunkt vor allem auf ihre internationalen Verpflichtungen konzentrieren zu k\u00f6nnen\u00bb.<\/span><\/span><\/strong><\/p>\n<p><span style=\"font-family: arial,helvetica,sans-serif; font-size: small;\">\u00a0<\/span><\/p>\n<p><span style=\"font-family: arial,helvetica,sans-serif; font-size: small;\">Karen Kamensek ist seit Sommer 2011 Generalmusikdirektorin der Staatsoper Hannover. Ihren Entscheid, den Vertrag nicht zu verl\u00e4ngern, bedauern der Intendant Michael Kl\u00fcgl und die\u00a0Nieders\u00e4chsische Ministerin f\u00fcr Wissenschaft und Kultur, Gabriele Heinen-Kljaji\u0107.<\/span><\/p>\n<p><span style=\"font-family: arial,helvetica,sans-serif; font-size: small;\">\u00a0<\/span><\/p>\n<p>Karen Kamensek, in Chicago geboren, studierte an der Indiana University und brachte Phil Glass&#8216; Opern <em>Orph\u00e9e<\/em> (1993) und <em>Les Enfants Terribles<\/em> (1996) als Dirigentin zur Urauff\u00fchrung. Mit <em>Orph\u00e9e<\/em> deb\u00fctierte sie als Dirigentin in Europa, beim Festival der Jeunesses Musicales in Weikersheim.<\/p>\n<p>\u00a0<\/p>\n<p>Von 2000 bis 2002 war Karen Kamensek an der Volksoper Wien als 1. Kapellmeisterin t\u00e4tig, von 2003 bis 2006 als Generalmusikdirektorin am Freiburger Theater. F\u00fcr die Saison 2007\/08 wurde sie interimistisch als Chefdirigentin des Slowenischen Nationaltheaters in Maribor verpflichtet, es folgte von 2008 bis 2011 die Position als stellvertretende Generalmusikdirektorin an der Hamburgischen Staatsoper. <span style=\"font-family: arial,helvetica,sans-serif; font-size: small;\"><em>(cf)<\/em> <br \/><\/span><\/p>\n","protected":false},"excerpt":{"rendered":"<p><span style=\"font-family: arial,helvetica,sans-serif; font-size: small;\">20.03.2014 &#8212; Karen Kamensek, die Generalmusikdirektorin der Staatsoper Hannover, wird ihren Vertrag \u00fcber die Spielzeit 2015\/2016 hinaus nicht fortf\u00fchren. Sie will sich \u00abab diesem Zeitpunkt vor allem auf ihre internationalen Verpflichtungen konzentrieren zu k\u00f6nnen\u00bb.<\/span><\/p>\n","protected":false},"author":1,"featured_media":0,"comment_status":"open","ping_status":"open","sticky":false,"template":"","format":"standard","meta":{"footnotes":""},"categories":[2],"tags":[],"class_list":["post-1296","post","type-post","status-publish","format-standard","hentry","category-nachrichten","entry"],"_links":{"self":[{"href":"https:\/\/codexflores.ch\/index.php\/wp-json\/wp\/v2\/posts\/1296","targetHints":{"allow":["GET"]}}],"collection":[{"href":"https:\/\/codexflores.ch\/index.php\/wp-json\/wp\/v2\/posts"}],"about":[{"href":"https:\/\/codexflores.ch\/index.php\/wp-json\/wp\/v2\/types\/post"}],"author":[{"embeddable":true,"href":"https:\/\/codexflores.ch\/index.php\/wp-json\/wp\/v2\/users\/1"}],"replies":[{"embeddable":true,"href":"https:\/\/codexflores.ch\/index.php\/wp-json\/wp\/v2\/comments?post=1296"}],"version-history":[{"count":0,"href":"https:\/\/codexflores.ch\/index.php\/wp-json\/wp\/v2\/posts\/1296\/revisions"}],"wp:attachment":[{"href":"https:\/\/codexflores.ch\/index.php\/wp-json\/wp\/v2\/media?parent=1296"}],"wp:term":[{"taxonomy":"category","embeddable":true,"href":"https:\/\/codexflores.ch\/index.php\/wp-json\/wp\/v2\/categories?post=1296"},{"taxonomy":"post_tag","embeddable":true,"href":"https:\/\/codexflores.ch\/index.php\/wp-json\/wp\/v2\/tags?post=1296"}],"curies":[{"name":"wp","href":"https:\/\/api.w.org\/{rel}","templated":true}]}}