{"id":1297,"date":"2014-03-20T06:56:23","date_gmt":"2014-03-20T06:56:23","guid":{"rendered":"https:\/\/codexflores.ch\/index.php\/2014\/03\/20\/basler-koennen-in-einen-musikpavillon-reinhoeren\/"},"modified":"2014-03-20T06:56:23","modified_gmt":"2014-03-20T06:56:23","slug":"basler-koennen-in-einen-musikpavillon-reinhoeren","status":"publish","type":"post","link":"https:\/\/codexflores.ch\/index.php\/2014\/03\/20\/basler-koennen-in-einen-musikpavillon-reinhoeren\/","title":{"rendered":"Basler k\u00f6nnen in einen Musikpavillon \u00abreinh\u00f6ren\u00bb"},"content":{"rendered":"<p>20.03.2013 &#8212; Ein Musikpavillon, entworfen von Architekturstudierenden der FHNW Hochschule f\u00fcr Szenographie und Innenarchitektur, erm\u00f6glicht auf dem Kleinen M\u00fcnsterplatz in Basel vom 11. bis 25. Mai bei freiem Eintritt eine F\u00fclle an Performances wechselnder Ensembles aus Berlin, Basel, Z\u00fcrich und der Westschweiz.<\/p>\n<p><strong>20.03.2013 &#8212; Ein Musikpavillon, entworfen von Architekturstudierenden der FHNW Hochschule f\u00fcr Szenographie und Innenarchitektur, erm\u00f6glicht auf dem Kleinen M\u00fcnsterplatz in Basel vom 11. bis 25. Mai bei freiem Eintritt eine F\u00fclle an Performances wechselnder Ensembles aus Berlin, Basel, Z\u00fcrich und der Westschweiz.<\/strong><\/p>\n<p>\u00a0<\/p>\n<p>Frei in der Dauer, im Kommen und Gehen k\u00f6nnen die Besucher liegend, stehend, sitzend, umhergehend oder meditierend der Musik lauschen und sich auf diese ohne Konsum und Kommerz einlassen, denn es gibt weder Eintrittskarten noch Bewirtung.<\/p>\n<p>Initiatorin des Projektes mit dem Titel \u00abreinh\u00f6ren\u00bb ist der Verein Pro M\u00fcnsterplatz. Realisiert werden kann es dank des ehrenamtlichen Engagements der Vereinsmitglieder. Finanziert wird es dank Spenden von Privatpersonen, Firmen und Stiftungen sowie Beitr\u00e4gen aus dem Swisslos Fonds (50&#8217;000 Franken) und der Christian Merian Stiftung (115\u2018000 Franken aus dem Ertragsanteil Einwohnergemeinde). <em>(cf)<\/em><\/p>\n","protected":false},"excerpt":{"rendered":"<p>20.03.2013 &#8212; Ein Musikpavillon, entworfen von Architekturstudierenden der FHNW Hochschule f\u00fcr Szenographie und Innenarchitektur, erm\u00f6glicht auf dem Kleinen M\u00fcnsterplatz in Basel vom 11. bis 25. Mai bei freiem Eintritt eine F\u00fclle an Performances wechselnder Ensembles aus Berlin, Basel, Z\u00fcrich und der Westschweiz.<\/p>\n","protected":false},"author":1,"featured_media":0,"comment_status":"open","ping_status":"open","sticky":false,"template":"","format":"standard","meta":{"footnotes":""},"categories":[2],"tags":[],"class_list":["post-1297","post","type-post","status-publish","format-standard","hentry","category-nachrichten","entry"],"_links":{"self":[{"href":"https:\/\/codexflores.ch\/index.php\/wp-json\/wp\/v2\/posts\/1297","targetHints":{"allow":["GET"]}}],"collection":[{"href":"https:\/\/codexflores.ch\/index.php\/wp-json\/wp\/v2\/posts"}],"about":[{"href":"https:\/\/codexflores.ch\/index.php\/wp-json\/wp\/v2\/types\/post"}],"author":[{"embeddable":true,"href":"https:\/\/codexflores.ch\/index.php\/wp-json\/wp\/v2\/users\/1"}],"replies":[{"embeddable":true,"href":"https:\/\/codexflores.ch\/index.php\/wp-json\/wp\/v2\/comments?post=1297"}],"version-history":[{"count":0,"href":"https:\/\/codexflores.ch\/index.php\/wp-json\/wp\/v2\/posts\/1297\/revisions"}],"wp:attachment":[{"href":"https:\/\/codexflores.ch\/index.php\/wp-json\/wp\/v2\/media?parent=1297"}],"wp:term":[{"taxonomy":"category","embeddable":true,"href":"https:\/\/codexflores.ch\/index.php\/wp-json\/wp\/v2\/categories?post=1297"},{"taxonomy":"post_tag","embeddable":true,"href":"https:\/\/codexflores.ch\/index.php\/wp-json\/wp\/v2\/tags?post=1297"}],"curies":[{"name":"wp","href":"https:\/\/api.w.org\/{rel}","templated":true}]}}