{"id":1298,"date":"2014-03-20T07:21:52","date_gmt":"2014-03-20T07:21:52","guid":{"rendered":"https:\/\/codexflores.ch\/index.php\/2014\/03\/20\/pleite-oper-von-san-diego-wird-geschlossen\/"},"modified":"2014-03-20T07:21:52","modified_gmt":"2014-03-20T07:21:52","slug":"pleite-oper-von-san-diego-wird-geschlossen","status":"publish","type":"post","link":"https:\/\/codexflores.ch\/index.php\/2014\/03\/20\/pleite-oper-von-san-diego-wird-geschlossen\/","title":{"rendered":"Oper von San Diego wird wegen Geldmangel geschlossen"},"content":{"rendered":"<p>20.03.2014 &#8212; Der Oper im kalifornischen San Diego ist das Geld ausgegangen. Nach der letzten Vorf\u00fchrung der laufenden Saison\u00a0<strong>\u2013<\/strong> sinnigerweise Massenets \u00abDon Quichotte\u00bb\u00a0<strong>\u2013<\/strong> kommt&#8217;s zum letzten Lichterl\u00f6schen.<\/p>\n<p><strong>20.03.2014 &#8212; Der Oper im kalifornischen San Diego ist das Geld ausgegangen. Nach der letzten Vorf\u00fchrung der laufenden Saison\u00a0\u2013 sinnigerweise Massenets \u00abDon Quichotte\u00bb\u00a0<strong>\u2013<\/strong> kommt&#8217;s zum letzten Lichterl\u00f6schen.<\/strong><\/p>\n<p>\u00a0<\/p>\n<p>Mit dem Schliessungsentscheid vermeidet der Vorstand des knapp 50-j\u00e4hrigen Opernhauses laut einem Bericht der deutschen <em>Handelszeitung<\/em> den juristischen Konkurs.<\/p>\n<p>\u00a0<\/p>\n<p>Die San Diego Opera wurde 1950 gegr\u00fcndet um Produktionen der San Francisco Opera lokal zu pr\u00e4sentieren. Sie gilt als eines der zehn f\u00fchrenden Opernh\u00e4user Amerikas, charakterisiert sich selbst als nationales und regionales Vorbild in k\u00fcnstlerischer Produktion und finanzielller Verantwortung und ist mehrfach f\u00fcr vorbildliches Management ausgezeichnet worden. <em>(cf)<\/em><\/p>\n<p>\u00a0<\/p>\n","protected":false},"excerpt":{"rendered":"<p>20.03.2014 &#8212; Der Oper im kalifornischen San Diego ist das Geld ausgegangen. Nach der letzten Vorf\u00fchrung der laufenden Saison\u00a0<strong>\u2013<\/strong> sinnigerweise Massenets \u00abDon Quichotte\u00bb\u00a0<strong>\u2013<\/strong> kommt&#8217;s zum letzten Lichterl\u00f6schen.<\/p>\n","protected":false},"author":1,"featured_media":0,"comment_status":"open","ping_status":"open","sticky":false,"template":"","format":"standard","meta":{"footnotes":""},"categories":[2],"tags":[],"class_list":["post-1298","post","type-post","status-publish","format-standard","hentry","category-nachrichten","entry"],"_links":{"self":[{"href":"https:\/\/codexflores.ch\/index.php\/wp-json\/wp\/v2\/posts\/1298","targetHints":{"allow":["GET"]}}],"collection":[{"href":"https:\/\/codexflores.ch\/index.php\/wp-json\/wp\/v2\/posts"}],"about":[{"href":"https:\/\/codexflores.ch\/index.php\/wp-json\/wp\/v2\/types\/post"}],"author":[{"embeddable":true,"href":"https:\/\/codexflores.ch\/index.php\/wp-json\/wp\/v2\/users\/1"}],"replies":[{"embeddable":true,"href":"https:\/\/codexflores.ch\/index.php\/wp-json\/wp\/v2\/comments?post=1298"}],"version-history":[{"count":0,"href":"https:\/\/codexflores.ch\/index.php\/wp-json\/wp\/v2\/posts\/1298\/revisions"}],"wp:attachment":[{"href":"https:\/\/codexflores.ch\/index.php\/wp-json\/wp\/v2\/media?parent=1298"}],"wp:term":[{"taxonomy":"category","embeddable":true,"href":"https:\/\/codexflores.ch\/index.php\/wp-json\/wp\/v2\/categories?post=1298"},{"taxonomy":"post_tag","embeddable":true,"href":"https:\/\/codexflores.ch\/index.php\/wp-json\/wp\/v2\/tags?post=1298"}],"curies":[{"name":"wp","href":"https:\/\/api.w.org\/{rel}","templated":true}]}}