{"id":1299,"date":"2014-03-21T06:44:21","date_gmt":"2014-03-21T06:44:21","guid":{"rendered":"https:\/\/codexflores.ch\/index.php\/2014\/03\/21\/metrailler-praesidentin-der-plattform-kultur-wallis\/"},"modified":"2014-03-21T06:44:21","modified_gmt":"2014-03-21T06:44:21","slug":"metrailler-praesidentin-der-plattform-kultur-wallis","status":"publish","type":"post","link":"https:\/\/codexflores.ch\/index.php\/2014\/03\/21\/metrailler-praesidentin-der-plattform-kultur-wallis\/","title":{"rendered":"Metrailler Pr\u00e4sidentin der Plattform Kultur Wallis"},"content":{"rendered":"<p><span style=\"font-family: arial,helvetica,sans-serif; font-size: small;\">21.03.2014 &#8212; Die Plattform Kultur Wallis hat in der Person von Ga\u00eblle Metrailler eine neue Pr\u00e4sidentin. Sie folgt auf Jacques Cordonier,\u00a0Chef der Dienststelle f\u00fcr Kultur Wallis, der dieses\u00a0Amt seit der Gr\u00fcndung der Plattform innehatte.<\/span><\/p>\n<p><span style=\"font-family: arial,helvetica,sans-serif; font-size: small;\"><strong>21.03.2014 &#8212; Die Plattform Kultur Wallis hat in der Person von Ga\u00eblle Metrailler eine neue Pr\u00e4sidentin. Sie folgt auf Jacques Cordonier,\u00a0Chef der Dienststelle f\u00fcr Kultur Wallis, der dieses\u00a0Amt seit der Gr\u00fcndung der Plattform innehatte.<\/strong><\/span><\/p>\n<p><span style=\"font-family: arial,helvetica,sans-serif; font-size: small;\">\u00a0<\/span><\/p>\n<p><span style=\"font-family: arial,helvetica,sans-serif; font-size: small;\">Cordonier \u00fcbernimmt neu die Funktion des Gesch\u00e4ftsf\u00fchrers der Plattform Kultur Wallis. Die neugew\u00e4hlte Pr\u00e4sidentin des Vereins Plattform Kultur Wallis ist als Kulturdelegierte der Stadt Sitten t\u00e4tig.<\/span><\/p>\n<p><span style=\"font-family: arial,helvetica,sans-serif; font-size: small;\">\u00a0<\/span><\/p>\n<p><span style=\"font-family: arial,helvetica,sans-serif; font-size: small;\">Die Plattform Kultur Wallis ist aus einer Initiative des Kantons Wallis und der Vereinigung der Walliser St\u00e4dte geschaffen worden. Sie entwickelt Strukturen zur Information von Kulturschaffenden und zur F\u00f6rderung von k\u00fcnstlerischen und kulturellen Produktionen, koordiniert das kulturelle Angebot im Wallis, ber\u00e4t Kunst- und Kulturschaffende betreffend Logistik und Projektentwicklung und promotet das Walliser Kulturschaffens innerhalb und ausserhalb des Kantons.<\/span><\/p>\n<p><span style=\"font-family: arial,helvetica,sans-serif; font-size: small;\">\u00a0<\/span><\/p>\n<p><span style=\"font-family: arial,helvetica,sans-serif; font-size: small;\">Die Plattform Kultur Wallis bietet f\u00fcr Musiker der aktuellen Musik unter dem Titel <em>InfoPoint aktuelle Musik<\/em> gratis pers\u00f6nliche Sprechstunden an. Der n\u00e4chste findet am 17. April 2014\u00a0im Konferenzzimmer der Mediathek in Brig statt. <em>(cf) <\/em><\/span><\/p>\n<p><span style=\"font-family: arial,helvetica,sans-serif; font-size: small;\">\u00a0<\/span><\/p>\n","protected":false},"excerpt":{"rendered":"<p><span style=\"font-family: arial,helvetica,sans-serif; font-size: small;\">21.03.2014 &#8212; Die Plattform Kultur Wallis hat in der Person von Ga\u00eblle Metrailler eine neue Pr\u00e4sidentin. Sie folgt auf Jacques Cordonier,\u00a0Chef der Dienststelle f\u00fcr Kultur Wallis, der dieses\u00a0Amt seit der Gr\u00fcndung der Plattform innehatte.<\/span><\/p>\n","protected":false},"author":1,"featured_media":0,"comment_status":"open","ping_status":"open","sticky":false,"template":"","format":"standard","meta":{"footnotes":""},"categories":[2],"tags":[],"class_list":["post-1299","post","type-post","status-publish","format-standard","hentry","category-nachrichten","entry"],"_links":{"self":[{"href":"https:\/\/codexflores.ch\/index.php\/wp-json\/wp\/v2\/posts\/1299","targetHints":{"allow":["GET"]}}],"collection":[{"href":"https:\/\/codexflores.ch\/index.php\/wp-json\/wp\/v2\/posts"}],"about":[{"href":"https:\/\/codexflores.ch\/index.php\/wp-json\/wp\/v2\/types\/post"}],"author":[{"embeddable":true,"href":"https:\/\/codexflores.ch\/index.php\/wp-json\/wp\/v2\/users\/1"}],"replies":[{"embeddable":true,"href":"https:\/\/codexflores.ch\/index.php\/wp-json\/wp\/v2\/comments?post=1299"}],"version-history":[{"count":0,"href":"https:\/\/codexflores.ch\/index.php\/wp-json\/wp\/v2\/posts\/1299\/revisions"}],"wp:attachment":[{"href":"https:\/\/codexflores.ch\/index.php\/wp-json\/wp\/v2\/media?parent=1299"}],"wp:term":[{"taxonomy":"category","embeddable":true,"href":"https:\/\/codexflores.ch\/index.php\/wp-json\/wp\/v2\/categories?post=1299"},{"taxonomy":"post_tag","embeddable":true,"href":"https:\/\/codexflores.ch\/index.php\/wp-json\/wp\/v2\/tags?post=1299"}],"curies":[{"name":"wp","href":"https:\/\/api.w.org\/{rel}","templated":true}]}}