{"id":1301,"date":"2014-03-21T07:39:19","date_gmt":"2014-03-21T07:39:19","guid":{"rendered":"https:\/\/codexflores.ch\/index.php\/2014\/03\/21\/meyer-droht-in-wien-mit-verlassen-der-staatsoper\/"},"modified":"2014-03-21T07:39:19","modified_gmt":"2014-03-21T07:39:19","slug":"meyer-droht-in-wien-mit-verlassen-der-staatsoper","status":"publish","type":"post","link":"https:\/\/codexflores.ch\/index.php\/2014\/03\/21\/meyer-droht-in-wien-mit-verlassen-der-staatsoper\/","title":{"rendered":"Meyer droht in Wien mit Verlassen der Staatsoper"},"content":{"rendered":"<p><span style=\"font-family: arial,helvetica,sans-serif; font-size: small;\">21.03.2014 &#8212; Stadtgespr\u00e4ch ist in Wien im Moment die desolate finanzielle Situation des Burgtheaters und die fristlose Entlassung von Matthias Hartmann als Chef des Hauses. Aber auch an der Staatsoper hapert es, und deren Direktor Dominique Meyer droht im Fall eines Defizits mit der Niederlegung seines Amtes.<\/span><\/p>\n<p><span style=\"font-family: arial,helvetica,sans-serif; font-size: small;\"><strong>21.03.2014 &#8212; Stadtgespr\u00e4ch ist in Wien im Moment die desolate finanzielle Situation des Burgtheaters und die fristlose Entlassung von Matthias Hartmann als Chef des Hauses. Aber auch an der Staatsoper hapert es, und deren Direktor Dominique Meyer droht im Fall eines Defizits mit der Niederlegung seines Amtes.<\/strong><\/span><\/p>\n<p>\u00a0<\/p>\n<p><span style=\"font-family: arial,helvetica,sans-serif; font-size: small;\">Zum ersten Mal seit mehr als ein Dutzend Jahren droht der Staatsoper, deren R\u00fccklagen mittlerweile vollst\u00e4ndig aufgebraucht sind, ein Defizit. Laut einem Bericht von <em>France Musique<\/em> will Dominique Meyer in diesem Fall seinen Posten zur Verf\u00fcgung stellen. Er habe, zitiert ihn der franz\u00f6sische Sender,in seinen Zeiten als Operndirektor noch nie rote Zahlen geschrieben und gedenke dies auch jetzt nicht zu tun.\u00a0<\/span><\/p>\n<p><span style=\"font-family: arial,helvetica,sans-serif; font-size: small;\">\u00a0<\/span><\/p>\n<p><span style=\"font-family: arial,helvetica,sans-serif; font-size: small;\">Laut Meyer hat \u00d6sterreichs Kulturminister Josef Ostermayer versprochen, f\u00fcr das sich abzeichnende Debakel eine L\u00f6sung zu finden. Vorerst lieb\u00e4ugelt Meyer mit einer Erh\u00f6hung der Eintrittspreise, die seiner Meinung nach aber ohnehin schon sehr hoch sind. <em>(cf)\u00a0<\/em><br \/><\/span><\/p>\n","protected":false},"excerpt":{"rendered":"<p><span style=\"font-family: arial,helvetica,sans-serif; font-size: small;\">21.03.2014 &#8212; Stadtgespr\u00e4ch ist in Wien im Moment die desolate finanzielle Situation des Burgtheaters und die fristlose Entlassung von Matthias Hartmann als Chef des Hauses. Aber auch an der Staatsoper hapert es, und deren Direktor Dominique Meyer droht im Fall eines Defizits mit der Niederlegung seines Amtes.<\/span><\/p>\n","protected":false},"author":1,"featured_media":0,"comment_status":"open","ping_status":"open","sticky":false,"template":"","format":"standard","meta":{"footnotes":""},"categories":[2],"tags":[],"class_list":["post-1301","post","type-post","status-publish","format-standard","hentry","category-nachrichten","entry"],"_links":{"self":[{"href":"https:\/\/codexflores.ch\/index.php\/wp-json\/wp\/v2\/posts\/1301","targetHints":{"allow":["GET"]}}],"collection":[{"href":"https:\/\/codexflores.ch\/index.php\/wp-json\/wp\/v2\/posts"}],"about":[{"href":"https:\/\/codexflores.ch\/index.php\/wp-json\/wp\/v2\/types\/post"}],"author":[{"embeddable":true,"href":"https:\/\/codexflores.ch\/index.php\/wp-json\/wp\/v2\/users\/1"}],"replies":[{"embeddable":true,"href":"https:\/\/codexflores.ch\/index.php\/wp-json\/wp\/v2\/comments?post=1301"}],"version-history":[{"count":0,"href":"https:\/\/codexflores.ch\/index.php\/wp-json\/wp\/v2\/posts\/1301\/revisions"}],"wp:attachment":[{"href":"https:\/\/codexflores.ch\/index.php\/wp-json\/wp\/v2\/media?parent=1301"}],"wp:term":[{"taxonomy":"category","embeddable":true,"href":"https:\/\/codexflores.ch\/index.php\/wp-json\/wp\/v2\/categories?post=1301"},{"taxonomy":"post_tag","embeddable":true,"href":"https:\/\/codexflores.ch\/index.php\/wp-json\/wp\/v2\/tags?post=1301"}],"curies":[{"name":"wp","href":"https:\/\/api.w.org\/{rel}","templated":true}]}}