{"id":1305,"date":"2014-03-24T06:31:33","date_gmt":"2014-03-24T06:31:33","guid":{"rendered":"https:\/\/codexflores.ch\/index.php\/2014\/03\/24\/eleonore-buening-in-heidelberg-geehrt\/"},"modified":"2014-03-24T06:31:33","modified_gmt":"2014-03-24T06:31:33","slug":"eleonore-buening-in-heidelberg-geehrt","status":"publish","type":"post","link":"https:\/\/codexflores.ch\/index.php\/2014\/03\/24\/eleonore-buening-in-heidelberg-geehrt\/","title":{"rendered":"Eleonore B\u00fcning in Heidelberg geehrt"},"content":{"rendered":"<p><span style=\"font-family: arial,helvetica,sans-serif; font-size: small;\">24.03.2014 &#8212; Die Musikjournalistin Eleonore B\u00fcning ist diesj\u00e4hrige Preistr\u00e4gerin des Musikpreises des Heidelberger Fr\u00fchling. Das Festival vergibt die Auszeichnung an Kulturschaffende, die sich \u00absubstanziell und nachhaltig f\u00fcr die Vermittlung von klassischer Musik einsetzen\u00bb.<\/span><\/p>\n<p><strong><span style=\"font-family: arial,helvetica,sans-serif; font-size: small;\">24.03.2014 &#8212; Die Musikjournalistin Eleonore B\u00fcning ist diesj\u00e4hrige Preistr\u00e4gerin des Musikpreises des Heidelberger Fr\u00fchling. Das Festival vergibt die Auszeichnung an Kulturschaffende, die sich \u00absubstanziell und nachhaltig f\u00fcr die Vermittlung von klassischer Musik einsetzen\u00bb.<\/span><\/strong><span style=\"font-family: arial,helvetica,sans-serif; font-size: small;\"> <br \/><\/span><\/p>\n<p>\u00a0<\/p>\n<p><span style=\"font-family: arial,helvetica,sans-serif; font-size: small;\">Eleonore B\u00fcning schreibt seit Ende der 80er-Jahre \u00fcber Musik und Musikverwandtes. Sie arbeitete unter anderem f\u00fcr die <em>taz<\/em>, die <em>Weltwoche<\/em>, den <em>Rheinischen Merkur<\/em> sowie f\u00fcr den Rundfunk. 1994 trat die promovierte Musikwissenschaftlerin als Musikredakteurin in das Feuilleton der <em>Zeit<\/em> ein, seit 1997 ist sie Musikredakteurin der Frankfurter Allgemeinen Zeitung.\u00a0\u00a0<\/span><\/p>\n<p>\u00a0<\/p>\n<p><span style=\"font-family: arial,helvetica,sans-serif; font-size: small;\">Der Preis ist mit 10&#8217;000 Euro dotiert. \u00dcbergeben wird er am Samstag, den 5. April beim Abschlusskonzert der Festival Akademie in der Heidelberger Stadthalle. Die Jury unter Vorsitz von Festivalintendant Thorsten Schmidt war besetzt mit der Geigerin Julia Fischer, den S\u00e4ngern Thomas Hampson, Thomas Quasthoff und Maximilian Schmitt, dem Pianisten Igor Levit und den Komponisten und Dirigenten Matthias Pintscher und J\u00f6rg Widmann. <em>(cf)<\/em><br \/><\/span><\/p>\n<p>\u00a0<\/p>\n","protected":false},"excerpt":{"rendered":"<p><span style=\"font-family: arial,helvetica,sans-serif; font-size: small;\">24.03.2014 &#8212; Die Musikjournalistin Eleonore B\u00fcning ist diesj\u00e4hrige Preistr\u00e4gerin des Musikpreises des Heidelberger Fr\u00fchling. Das Festival vergibt die Auszeichnung an Kulturschaffende, die sich \u00absubstanziell und nachhaltig f\u00fcr die Vermittlung von klassischer Musik einsetzen\u00bb.<\/span><\/p>\n","protected":false},"author":1,"featured_media":0,"comment_status":"open","ping_status":"open","sticky":false,"template":"","format":"standard","meta":{"footnotes":""},"categories":[2],"tags":[],"class_list":["post-1305","post","type-post","status-publish","format-standard","hentry","category-nachrichten","entry"],"_links":{"self":[{"href":"https:\/\/codexflores.ch\/index.php\/wp-json\/wp\/v2\/posts\/1305","targetHints":{"allow":["GET"]}}],"collection":[{"href":"https:\/\/codexflores.ch\/index.php\/wp-json\/wp\/v2\/posts"}],"about":[{"href":"https:\/\/codexflores.ch\/index.php\/wp-json\/wp\/v2\/types\/post"}],"author":[{"embeddable":true,"href":"https:\/\/codexflores.ch\/index.php\/wp-json\/wp\/v2\/users\/1"}],"replies":[{"embeddable":true,"href":"https:\/\/codexflores.ch\/index.php\/wp-json\/wp\/v2\/comments?post=1305"}],"version-history":[{"count":0,"href":"https:\/\/codexflores.ch\/index.php\/wp-json\/wp\/v2\/posts\/1305\/revisions"}],"wp:attachment":[{"href":"https:\/\/codexflores.ch\/index.php\/wp-json\/wp\/v2\/media?parent=1305"}],"wp:term":[{"taxonomy":"category","embeddable":true,"href":"https:\/\/codexflores.ch\/index.php\/wp-json\/wp\/v2\/categories?post=1305"},{"taxonomy":"post_tag","embeddable":true,"href":"https:\/\/codexflores.ch\/index.php\/wp-json\/wp\/v2\/tags?post=1305"}],"curies":[{"name":"wp","href":"https:\/\/api.w.org\/{rel}","templated":true}]}}