{"id":1308,"date":"2014-03-24T06:55:14","date_gmt":"2014-03-24T06:55:14","guid":{"rendered":"https:\/\/codexflores.ch\/index.php\/2014\/03\/24\/bilanz-der-23-magdeburger-telemann-festtage\/"},"modified":"2014-03-24T06:55:14","modified_gmt":"2014-03-24T06:55:14","slug":"bilanz-der-23-magdeburger-telemann-festtage","status":"publish","type":"post","link":"https:\/\/codexflores.ch\/index.php\/2014\/03\/24\/bilanz-der-23-magdeburger-telemann-festtage\/","title":{"rendered":"Bilanz der 23. Magdeburger Telemann-Festtage"},"content":{"rendered":"<p><span style=\"font-family: arial,helvetica,sans-serif; font-size: small;\">24.03.2014 &#8212; Die 23. Magdeburger Telemann-Festtage haben insgesamt 7800 Karten an Besucher aus dem In- und Ausland verkauft. Die G\u00e4ste kamen aus Deutschland, Japan, den USA und dem gesamten europ\u00e4ischen Raum. Die Gesamtauslastung stieg um 16 Prozent auf \u00fcber 88 Prozent.<\/span><\/p>\n<p><span style=\"font-family: arial,helvetica,sans-serif; font-size: small;\"><strong>24.03.2014 &#8212; Die 23. Magdeburger Telemann-Festtage haben insgesamt 7800 Karten an Besucher aus dem In- und Ausland verkauft. Die G\u00e4ste kamen aus Deutschland, Japan, den USA und dem gesamten europ\u00e4ischen Raum. Die Gesamtauslastung stieg um 16 Prozent auf \u00fcber 88 Prozent.<\/strong><\/span><\/p>\n<p><span style=\"font-family: arial,helvetica,sans-serif; font-size: small;\">\u00a0<\/span><\/p>\n<p><span style=\"font-family: arial,helvetica,sans-serif; font-size: small;\">Im Vergleich zu den Magdeburger Telemann-Festtagen vor zwei Jahren h\u00e4tten trotz eines verringerten Platzangebotes mehr als 1000 Karten mehr abgesetzt werden k\u00f6nnen, schreiben die Veranstalter. An der mehrt\u00e4gigen Internationalen Wissenschaftlichen Konferenz, die sich mit den Beziehungen und Beeinflussungen Telemanns und C. P. E. Bachs befasste, nahmen 26 Referenten aus vier L\u00e4ndern und zahlreiche G\u00e4ste teil.<\/span><\/p>\n<p><span style=\"font-family: arial,helvetica,sans-serif; font-size: small;\">\u00a0<\/span><\/p>\n<p><span style=\"font-family: arial,helvetica,sans-serif; font-size: small;\">W\u00e4hrend der 22. Magdeburger Telemann-Festtage erklangen sieben Erstauff\u00fchrungen in neuerer Zeit, darunter nicht nur Werke von Georg Philipp Telemann, sondern auch von Carl Philipp Emanuel Bach sowie ein Violinkonzert des Zeitgenossen Johann Gottlieb Graun.<\/span><\/p>\n<p><span style=\"font-family: arial,helvetica,sans-serif; font-size: small;\">\u00a0<\/span><\/p>\n<p><span style=\"font-family: arial,helvetica,sans-serif; font-size: small;\">Der 8. Internationale Telemann-Wettbewerb, der im Wechsel zu den Telemann-Festtagen stattfindet, ist f\u00fcr den 7. bis 15. M\u00e4rz 2015 vorgesehen. Im Mittelpunkt stehen Werke f\u00fcr obligates Instrument und Basso continuo.<em> (cf)<\/em><\/span><\/p>\n","protected":false},"excerpt":{"rendered":"<p><span style=\"font-family: arial,helvetica,sans-serif; font-size: small;\">24.03.2014 &#8212; Die 23. Magdeburger Telemann-Festtage haben insgesamt 7800 Karten an Besucher aus dem In- und Ausland verkauft. Die G\u00e4ste kamen aus Deutschland, Japan, den USA und dem gesamten europ\u00e4ischen Raum. Die Gesamtauslastung stieg um 16 Prozent auf \u00fcber 88 Prozent.<\/span><\/p>\n","protected":false},"author":1,"featured_media":0,"comment_status":"open","ping_status":"open","sticky":false,"template":"","format":"standard","meta":{"footnotes":""},"categories":[2],"tags":[],"class_list":["post-1308","post","type-post","status-publish","format-standard","hentry","category-nachrichten","entry"],"_links":{"self":[{"href":"https:\/\/codexflores.ch\/index.php\/wp-json\/wp\/v2\/posts\/1308","targetHints":{"allow":["GET"]}}],"collection":[{"href":"https:\/\/codexflores.ch\/index.php\/wp-json\/wp\/v2\/posts"}],"about":[{"href":"https:\/\/codexflores.ch\/index.php\/wp-json\/wp\/v2\/types\/post"}],"author":[{"embeddable":true,"href":"https:\/\/codexflores.ch\/index.php\/wp-json\/wp\/v2\/users\/1"}],"replies":[{"embeddable":true,"href":"https:\/\/codexflores.ch\/index.php\/wp-json\/wp\/v2\/comments?post=1308"}],"version-history":[{"count":0,"href":"https:\/\/codexflores.ch\/index.php\/wp-json\/wp\/v2\/posts\/1308\/revisions"}],"wp:attachment":[{"href":"https:\/\/codexflores.ch\/index.php\/wp-json\/wp\/v2\/media?parent=1308"}],"wp:term":[{"taxonomy":"category","embeddable":true,"href":"https:\/\/codexflores.ch\/index.php\/wp-json\/wp\/v2\/categories?post=1308"},{"taxonomy":"post_tag","embeddable":true,"href":"https:\/\/codexflores.ch\/index.php\/wp-json\/wp\/v2\/tags?post=1308"}],"curies":[{"name":"wp","href":"https:\/\/api.w.org\/{rel}","templated":true}]}}