{"id":1312,"date":"2014-03-25T07:23:50","date_gmt":"2014-03-25T07:23:50","guid":{"rendered":"https:\/\/codexflores.ch\/index.php\/2014\/03\/25\/eschenbach-verlaengert-washingtoner-vertrag\/"},"modified":"2014-03-25T07:23:50","modified_gmt":"2014-03-25T07:23:50","slug":"eschenbach-verlaengert-washingtoner-vertrag","status":"publish","type":"post","link":"https:\/\/codexflores.ch\/index.php\/2014\/03\/25\/eschenbach-verlaengert-washingtoner-vertrag\/","title":{"rendered":"Eschenbach verl\u00e4ngert Washingtoner Vertrag"},"content":{"rendered":"<p><span style=\"font-family: arial,helvetica,sans-serif; font-size: small;\">25.03.2014 &#8212; Der Pianist und Dirigent Christoph Eschenbach hat seinen Vertrag als musikalischer Leiter des Kennedy Center und des National Symphiny Orchestra in Washington um zwei Saisons bis 2017 verl\u00e4ngert.<\/span><\/p>\n<p><strong><span style=\"font-family: arial,helvetica,sans-serif; font-size: small;\"><span style=\"font-family: arial,helvetica,sans-serif; font-size: small;\">25.03.2014 &#8212; Der Pianist und Dirigent Christoph Eschenbach hat seinen Vertrag als musikalischer Leiter des Kennedy Center und des National Symphiny Orchestra in Washington um zwei Saisons bis 2017 verl\u00e4ngert.<\/span><\/span><\/strong> <\/p>\n<p>\u00a0<\/p>\n<p><span style=\"font-family: arial,helvetica,sans-serif; font-size: small;\">Trotz der Vertragsverk\u00e4ngerung findet Eschenbachs Arbeit nicht nur Zustimmung: In einem bemerkenswerten Kommentar bescheinigt ihm die <em>Washington Post<\/em> zwar Fortschritte in der Arbeit mit dem Orchester. Das Profil des Ensembles sei unter ihm allerdings eher ungreifbar geblieben, manchmal \u00aboberfl\u00e4chlich erregend, daf\u00fcr aber technisch und emotional unpr\u00e4zise\u00bb. <\/span><\/p>\n<p><span style=\"font-family: arial,helvetica,sans-serif; font-size: small;\">\u00a0<\/span><\/p>\n<p><span style=\"font-family: arial,helvetica,sans-serif; font-size: small;\">Er habe, schreibt die prominente Kritikerin Anne Midgette, zwar Akzente mit Neuer Musik, aus den USA und nicht zuletzt aus Deutschland, gesetzt, klare Vorstellungen, wohin das Orchester gehen sollte, fehlten hingegen. <\/span><\/p>\n<p><span style=\"font-family: arial,helvetica,sans-serif; font-size: small;\">\u00a0<\/span><\/p>\n<p><span style=\"font-family: arial,helvetica,sans-serif; font-size: small;\">Anne Midgette vergisst auch nicht zu erw\u00e4hnen, dass Eschenbach mit rund zwei Millionen Dollar Gage einer der h\u00f6chste bezahlten Dirigenten des Landes ist. Nur Riccardo Muti (Chicago Symphony Orchestra) und Michael Tilson Thomas (San Francisco Symphony) bez\u00f6gen mehr Lohn.<em> (cf)<\/em><br \/><\/span><\/p>\n<p><span style=\"font-family: arial,helvetica,sans-serif; font-size: small;\"><em>\u00a0<\/em><\/span><\/p>\n<p><span style=\"font-family: arial,helvetica,sans-serif; font-size: small;\"><strong>Originalartikel:<\/strong><em><br \/><\/em><\/span><\/p>\n<p><a href=\"http:\/\/www.washingtonpost.com\/entertainment\/music\/eschenbach-extends-kennedy-center-nso-contract-for-two-more-seasons\/2014\/03\/24\/0d5bd892-b38e-11e3-8020-b2d790b3c9e1_story.html\" target=\"_blank\" rel=\"noopener noreferrer\"><span style=\"font-family: arial,helvetica,sans-serif; font-size: small;\"><em>www.washingtonpost.com\/entertainment\/music\/eschenbach-extends-kennedy-center-nso-contract-for-two-more-seasons\/2014\/03\/24\/0d5bd892-b38e-11e3-8020-b2d790b3c9e1_story.html<\/em><\/span><\/a><\/p>\n","protected":false},"excerpt":{"rendered":"<p><span style=\"font-family: arial,helvetica,sans-serif; font-size: small;\">25.03.2014 &#8212; Der Pianist und Dirigent Christoph Eschenbach hat seinen Vertrag als musikalischer Leiter des Kennedy Center und des National Symphiny Orchestra in Washington um zwei Saisons bis 2017 verl\u00e4ngert.<\/span><\/p>\n","protected":false},"author":1,"featured_media":0,"comment_status":"open","ping_status":"open","sticky":false,"template":"","format":"standard","meta":{"footnotes":""},"categories":[2],"tags":[],"class_list":["post-1312","post","type-post","status-publish","format-standard","hentry","category-nachrichten","entry"],"_links":{"self":[{"href":"https:\/\/codexflores.ch\/index.php\/wp-json\/wp\/v2\/posts\/1312","targetHints":{"allow":["GET"]}}],"collection":[{"href":"https:\/\/codexflores.ch\/index.php\/wp-json\/wp\/v2\/posts"}],"about":[{"href":"https:\/\/codexflores.ch\/index.php\/wp-json\/wp\/v2\/types\/post"}],"author":[{"embeddable":true,"href":"https:\/\/codexflores.ch\/index.php\/wp-json\/wp\/v2\/users\/1"}],"replies":[{"embeddable":true,"href":"https:\/\/codexflores.ch\/index.php\/wp-json\/wp\/v2\/comments?post=1312"}],"version-history":[{"count":0,"href":"https:\/\/codexflores.ch\/index.php\/wp-json\/wp\/v2\/posts\/1312\/revisions"}],"wp:attachment":[{"href":"https:\/\/codexflores.ch\/index.php\/wp-json\/wp\/v2\/media?parent=1312"}],"wp:term":[{"taxonomy":"category","embeddable":true,"href":"https:\/\/codexflores.ch\/index.php\/wp-json\/wp\/v2\/categories?post=1312"},{"taxonomy":"post_tag","embeddable":true,"href":"https:\/\/codexflores.ch\/index.php\/wp-json\/wp\/v2\/tags?post=1312"}],"curies":[{"name":"wp","href":"https:\/\/api.w.org\/{rel}","templated":true}]}}