{"id":1314,"date":"2014-03-26T07:07:19","date_gmt":"2014-03-26T07:07:19","guid":{"rendered":"https:\/\/codexflores.ch\/index.php\/2014\/03\/26\/de-billy-schmeisst-wiener-lohengrin-dirigat-hin\/"},"modified":"2014-03-26T07:07:19","modified_gmt":"2014-03-26T07:07:19","slug":"de-billy-schmeisst-wiener-lohengrin-dirigat-hin","status":"publish","type":"post","link":"https:\/\/codexflores.ch\/index.php\/2014\/03\/26\/de-billy-schmeisst-wiener-lohengrin-dirigat-hin\/","title":{"rendered":"De Billy schmeisst Wiener Lohengrin-Dirigat hin"},"content":{"rendered":"<p><span style=\"font-family: arial,helvetica,sans-serif; font-size: small;\">26.03.2014 &#8212; Bertrand de Billy wird die <em>Lohengrin<\/em>-Premiere vom 12. April an der Wiener Staatsoper nicht dirigieren, die von Andreas Homoki inszeniert wird und auch in Z\u00fcrich gezeigt werden soll. Dem franz\u00f6sischen Dirigenten ist \u00abder Kragen geplatzt\u00bb.<\/span><\/p>\n<p>\u00a0<\/p>\n<p><strong><span style=\"font-family: arial,helvetica,sans-serif; font-size: small;\"><span style=\"font-family: arial,helvetica,sans-serif; font-size: small;\">26.03.2014 &#8212; Bertrand de Billy wird die <em>Lohengrin<\/em>-Premiere vom 12. April an der Wiener Staatsoper nicht dirigieren, die von Andreas Homoki inszeniert wird und auch in Z\u00fcrich gezeigt werden soll. Dem franz\u00f6sischen Dirigenten ist \u00abder Kragen geplatzt\u00bb.<\/span><\/span><\/strong><\/p>\n<p><span style=\"font-family: arial,helvetica,sans-serif; font-size: small;\"><span style=\"font-family: arial,helvetica,sans-serif; font-size: small;\">\u00a0<\/span><\/span><\/p>\n<p><span style=\"font-family: arial,helvetica,sans-serif; font-size: small;\">\u00abDa wurde, was die Behandlung von K\u00fcnstlern betrifft, einfach eine Grenze \u00fcberschritten\u00bb, zitiert der \u00f6sterreichischen <em>Kurier<\/em> den Dirigenten. De Billy h\u00e4tte in Wien f\u00fcr Thielemann einspringen sollen, der sich aus der Produktion zur\u00fcckgzogen hat, weil er am gleichen Abend in Salzburg <em>Arabella<\/em> dirigieren wollte.<br \/><\/span><\/p>\n<p><span style=\"font-family: arial,helvetica,sans-serif; font-size: small;\">\u00a0<\/span><\/p>\n<p><span style=\"font-family: arial,helvetica,sans-serif; font-size: small;\">Mit Regisseur Andreas Homoki sei vereinbart worden, bei der Gralserz\u00e4hlung und nur dort K\u00fcrzungen vorzunehmen.\u00a0 In Laufe der ersten Proben habe Homoki aber auf Striche im 3. Aufzug gedr\u00e4ngt, die De Billy nicht habe akzeptieren wollen. Gemeinsam mit Staatsopern-Direktor Dominique Meyer habe man eine L\u00f6sung zu finden versucht. Allerdings habe auch der Tenor Klaus Florian Vogt auf Strichen bestanden. De Billy habe sich von der Leitung deshalb im im Stich gelassen gef\u00fchlt. Einspringen wird f\u00fcr den Einspringer De Billy nun Mikko Franck.<em> (cf)<\/em><\/span><\/p>\n<p><span style=\"font-family: arial,helvetica,sans-serif; font-size: small;\">\u00a0<\/span><\/p>\n<p><span style=\"font-family: arial,helvetica,sans-serif; font-size: small;\"><strong>Originalartikel:<\/strong><br \/><\/span><\/p>\n<p><a href=\"kurier.at\/kultur\/buehne\/bertrand-de-billy-sagt-lohengrin-dirigat-ab\/57.686.075\" target=\"_blank\" rel=\"noopener noreferrer\"><span style=\"font-family: arial,helvetica,sans-serif; font-size: small;\">kurier.at\/kultur\/buehne\/bertrand-de-billy-sagt-lohengrin-dirigat-ab\/57.686.075<\/span><\/a><\/p>\n","protected":false},"excerpt":{"rendered":"<p><span style=\"font-family: arial,helvetica,sans-serif; font-size: small;\">26.03.2014 &#8212; Bertrand de Billy wird die <em>Lohengrin<\/em>-Premiere vom 12. April an der Wiener Staatsoper nicht dirigieren, die von Andreas Homoki inszeniert wird und auch in Z\u00fcrich gezeigt werden soll. Dem franz\u00f6sischen Dirigenten ist \u00abder Kragen geplatzt\u00bb.<\/span><\/p>\n","protected":false},"author":1,"featured_media":0,"comment_status":"open","ping_status":"open","sticky":false,"template":"","format":"standard","meta":{"footnotes":""},"categories":[2],"tags":[],"class_list":["post-1314","post","type-post","status-publish","format-standard","hentry","category-nachrichten","entry"],"_links":{"self":[{"href":"https:\/\/codexflores.ch\/index.php\/wp-json\/wp\/v2\/posts\/1314","targetHints":{"allow":["GET"]}}],"collection":[{"href":"https:\/\/codexflores.ch\/index.php\/wp-json\/wp\/v2\/posts"}],"about":[{"href":"https:\/\/codexflores.ch\/index.php\/wp-json\/wp\/v2\/types\/post"}],"author":[{"embeddable":true,"href":"https:\/\/codexflores.ch\/index.php\/wp-json\/wp\/v2\/users\/1"}],"replies":[{"embeddable":true,"href":"https:\/\/codexflores.ch\/index.php\/wp-json\/wp\/v2\/comments?post=1314"}],"version-history":[{"count":0,"href":"https:\/\/codexflores.ch\/index.php\/wp-json\/wp\/v2\/posts\/1314\/revisions"}],"wp:attachment":[{"href":"https:\/\/codexflores.ch\/index.php\/wp-json\/wp\/v2\/media?parent=1314"}],"wp:term":[{"taxonomy":"category","embeddable":true,"href":"https:\/\/codexflores.ch\/index.php\/wp-json\/wp\/v2\/categories?post=1314"},{"taxonomy":"post_tag","embeddable":true,"href":"https:\/\/codexflores.ch\/index.php\/wp-json\/wp\/v2\/tags?post=1314"}],"curies":[{"name":"wp","href":"https:\/\/api.w.org\/{rel}","templated":true}]}}