{"id":132,"date":"2014-01-09T13:34:40","date_gmt":"2014-01-09T13:34:40","guid":{"rendered":"https:\/\/codexflores.ch\/index.php\/2014\/01\/09\/villazons-londoner-comeback-mit-werther\/"},"modified":"2014-01-09T13:34:40","modified_gmt":"2014-01-09T13:34:40","slug":"villazons-londoner-comeback-mit-werther","status":"publish","type":"post","link":"https:\/\/codexflores.ch\/index.php\/2014\/01\/09\/villazons-londoner-comeback-mit-werther\/","title":{"rendered":"Villaz\u00f3ns Londoner Comeback mit \u00abWerther\u00bb"},"content":{"rendered":"<p><span class=\"txt-m-black\"><img decoding=\"async\" src=\"http:\/\/212.60.37.143\/bilder\/2012\/120330Werther.jpg\" border=\"0\" align=\"left\" \/><em>30.03.2012 &#8212;<\/em> Rolando Villaz\u00f3n kennt das Auf und Ab des Lebens eines Shootingstars. Der Sympathietr\u00e4ger, der mit Anna Netrebko vor nicht allzulanger Zeit noch ein ph\u00e4nomenales Traumpaar der Oper zu bilden schien, \u00fcbernahm sich, musste sich einer Operation der Stimmb\u00e4nder unterziehen und in Sachen internationaler Karriere ein paar G\u00e4nge zur\u00fcckschalten. Nach einer l\u00e4ngeren Erholungsphase pr\u00e4sentierte er sich im Mai 2011 in der Londoner Oper Covent Garden gel\u00e4utert, nicht mehr mit der Kraftstimme, mit der er zuvor vokales Bankdr\u00fccken veranstaltet hatte, aber nach wie vor als ungew\u00f6hnlich charismatischer Musiker und Darsteller.<\/p>\n<p> F\u00fcr die Produktion stand ihm mit Antonio Pappano am Pult, dem Orchestra of The Royal Opera House im Graben und Sophie Koch (als Charlotte) neben ihm auf der B\u00fchne eine Idealbesetzung zur Seite. Dokumentiert ist dieses Comeback, das fast nur lobende Kritiken erhielt, auf einer Doppel-CD der Deutschen Grammophon. <\/p>\n<p> Villaz\u00f3n, nach wie vor ein Publikumsliebling, arbeitet sich zur\u00fcck an die Spitze. Er ist n\u00e4mlich im Moment auf Europatournee, mit Auftritten in M\u00fcnchen, Wien, Prag, Baden-Baden, Bilbao, London, Salzburg und Turku. Bereits am 5. Mai wird er im Z\u00fcrcher Opernhaus in Mozart \u00abIl re pastore\u00bb als Alessandro zu h\u00f6ren sein und am 4.August mit einem Kammerorchester unter Marc Minkowskis Leitung konzertant am Verbier Festival. <em>(wb)<\/em><\/p>\n<p> <em><span class=\"txt-s-black\" style=\"font-size: x-small;\">Massenet: Werther, Rolando Villaz\u00f3n (Werther), Sophie Koch (Charlotte), Audun Iversen (Albert), Eri Nakamura (Sophie), Antonio Pappano (Leitung), Orchestra of The Royal Opera House, Live-Aufnahme vom Mai 2011. Doppel-CD, Booklet mit Libretto, Deutsche Grammophon\/Universal, Best.-Nr. 477 9340. <\/span><\/em><\/span><\/p>\n","protected":false},"excerpt":{"rendered":"<p>30.03.2012 &#8212; Rolando Villaz\u00f3n kennt das Auf und Ab des Lebens eines Shootingstars. Der Sympathietr\u00e4ger, der mit Anna Netrebko vor&#8230;<\/p>\n","protected":false},"author":1,"featured_media":0,"comment_status":"open","ping_status":"open","sticky":false,"template":"","format":"standard","meta":{"footnotes":""},"categories":[4],"tags":[],"class_list":["post-132","post","type-post","status-publish","format-standard","hentry","category-im-gespraech","entry"],"_links":{"self":[{"href":"https:\/\/codexflores.ch\/index.php\/wp-json\/wp\/v2\/posts\/132","targetHints":{"allow":["GET"]}}],"collection":[{"href":"https:\/\/codexflores.ch\/index.php\/wp-json\/wp\/v2\/posts"}],"about":[{"href":"https:\/\/codexflores.ch\/index.php\/wp-json\/wp\/v2\/types\/post"}],"author":[{"embeddable":true,"href":"https:\/\/codexflores.ch\/index.php\/wp-json\/wp\/v2\/users\/1"}],"replies":[{"embeddable":true,"href":"https:\/\/codexflores.ch\/index.php\/wp-json\/wp\/v2\/comments?post=132"}],"version-history":[{"count":0,"href":"https:\/\/codexflores.ch\/index.php\/wp-json\/wp\/v2\/posts\/132\/revisions"}],"wp:attachment":[{"href":"https:\/\/codexflores.ch\/index.php\/wp-json\/wp\/v2\/media?parent=132"}],"wp:term":[{"taxonomy":"category","embeddable":true,"href":"https:\/\/codexflores.ch\/index.php\/wp-json\/wp\/v2\/categories?post=132"},{"taxonomy":"post_tag","embeddable":true,"href":"https:\/\/codexflores.ch\/index.php\/wp-json\/wp\/v2\/tags?post=132"}],"curies":[{"name":"wp","href":"https:\/\/api.w.org\/{rel}","templated":true}]}}