{"id":1321,"date":"2014-03-31T06:31:12","date_gmt":"2014-03-31T06:31:12","guid":{"rendered":"https:\/\/codexflores.ch\/index.php\/2014\/03\/31\/ching-lien-wu-uebernimmt-opernchor-von-amsterdam\/"},"modified":"2014-03-31T06:31:12","modified_gmt":"2014-03-31T06:31:12","slug":"ching-lien-wu-uebernimmt-opernchor-von-amsterdam","status":"publish","type":"post","link":"https:\/\/codexflores.ch\/index.php\/2014\/03\/31\/ching-lien-wu-uebernimmt-opernchor-von-amsterdam\/","title":{"rendered":"Ching-Lien Wu \u00fcbernimmt Opernchor von Amsterdam"},"content":{"rendered":"<p><span style=\"font-family: arial,helvetica,sans-serif; font-size: small;\">31.03.2014 &#8212; Die taiwanische Dirigentin\u00a0Ching-Lien Wu, die ab 2001 den Chor des\u00a0Grand Th\u00e9\u00e2tre de Gen\u00e8ve leitete, \u00fcbernimmt mit Beginn der kommenden Saison die gleiche Aufgabe beim niederl\u00e4ndischen Koor van De Nationale Opera in Amsterdam.<\/span><\/p>\n<p>\u00a0<\/p>\n<p><span style=\"font-family: arial,helvetica,sans-serif; font-size: small;\"><strong>31.03.2014 &#8212; Die taiwanische Dirigentin\u00a0Ching-Lien Wu, die ab 2001 den Chor des\u00a0Grand Th\u00e9\u00e2tre de Gen\u00e8ve leitete, \u00fcbernimmt mit Beginn der kommenden Saison die gleiche Aufgabe beim niederl\u00e4ndischen Koor van De Nationale Opera in Amsterdam.<\/strong><\/span><\/p>\n<p>\u00a0<\/p>\n<p><span style=\"font-family: arial,helvetica,sans-serif; font-size: small;\">Ching-Lien Wu hat in Taiwan und am Conservatoire National Sup\u00e9rieur de Musique de Lyon studiert, wo sie 1987 ihre Ausbildung mit einem Premier prix de direction de ch\u0153ur abschloss. In der Folge bildete sich sie bei Jean-S\u00e9bastien B\u00e9reau, Helmut Rilling, Michael Gielen und Pierre Boulez weiter.<\/span><\/p>\n<p>\u00a0<\/p>\n<p><span style=\"font-family: arial,helvetica,sans-serif; font-size: small;\">Es folgten Leitungsfunktionen an der Op\u00e9ra de Nantes, am Th\u00e9\u00e2tre du Capitole \u00e0 Toulouse und an der Op\u00e9ra National du Rhin \u00e0 Strasbourg. 1996 amtete sie \u00fcberdies als Assistentin von Norbert Balatsch bei den Bayreuther Festspielen. <em>(cf)<\/em><\/span><\/p>\n<p>\u00a0<\/p>\n","protected":false},"excerpt":{"rendered":"<p><span style=\"font-family: arial,helvetica,sans-serif; font-size: small;\">31.03.2014 &#8212; Die taiwanische Dirigentin\u00a0Ching-Lien Wu, die ab 2001 den Chor des\u00a0Grand Th\u00e9\u00e2tre de Gen\u00e8ve leitete, \u00fcbernimmt mit Beginn der kommenden Saison die gleiche Aufgabe beim niederl\u00e4ndischen Koor van De Nationale Opera in Amsterdam.<\/span><\/p>\n","protected":false},"author":1,"featured_media":0,"comment_status":"open","ping_status":"open","sticky":false,"template":"","format":"standard","meta":{"footnotes":""},"categories":[2],"tags":[],"class_list":["post-1321","post","type-post","status-publish","format-standard","hentry","category-nachrichten","entry"],"_links":{"self":[{"href":"https:\/\/codexflores.ch\/index.php\/wp-json\/wp\/v2\/posts\/1321","targetHints":{"allow":["GET"]}}],"collection":[{"href":"https:\/\/codexflores.ch\/index.php\/wp-json\/wp\/v2\/posts"}],"about":[{"href":"https:\/\/codexflores.ch\/index.php\/wp-json\/wp\/v2\/types\/post"}],"author":[{"embeddable":true,"href":"https:\/\/codexflores.ch\/index.php\/wp-json\/wp\/v2\/users\/1"}],"replies":[{"embeddable":true,"href":"https:\/\/codexflores.ch\/index.php\/wp-json\/wp\/v2\/comments?post=1321"}],"version-history":[{"count":0,"href":"https:\/\/codexflores.ch\/index.php\/wp-json\/wp\/v2\/posts\/1321\/revisions"}],"wp:attachment":[{"href":"https:\/\/codexflores.ch\/index.php\/wp-json\/wp\/v2\/media?parent=1321"}],"wp:term":[{"taxonomy":"category","embeddable":true,"href":"https:\/\/codexflores.ch\/index.php\/wp-json\/wp\/v2\/categories?post=1321"},{"taxonomy":"post_tag","embeddable":true,"href":"https:\/\/codexflores.ch\/index.php\/wp-json\/wp\/v2\/tags?post=1321"}],"curies":[{"name":"wp","href":"https:\/\/api.w.org\/{rel}","templated":true}]}}