{"id":1322,"date":"2014-03-31T06:44:30","date_gmt":"2014-03-31T06:44:30","guid":{"rendered":"https:\/\/codexflores.ch\/index.php\/2014\/03\/31\/programm-des-forum-wallis-2014\/"},"modified":"2014-03-31T06:44:30","modified_gmt":"2014-03-31T06:44:30","slug":"programm-des-forum-wallis-2014","status":"publish","type":"post","link":"https:\/\/codexflores.ch\/index.php\/2014\/03\/31\/programm-des-forum-wallis-2014\/","title":{"rendered":"Programm des Forum Wallis 2014"},"content":{"rendered":"<p><span style=\"font-family: arial,helvetica,sans-serif; font-size: small;\">31.03.2014 &#8212; Vom 5. bis zum 9. Juni werden im Rahmen eines vom Forum Wallis organisierten Festivals f\u00fcr Zeitgen\u00f6ssische Musik am verl\u00e4ngerten\u00a0Pfingstwochenende\u00a0im Schloss Leuk \u00fcber hundert Komponisten, \u00fcber hundert Schweizer Premieren und \u00fcber hundert Werke, die nicht \u00e4lter als\u00a0zwei Jahre sind, gespielt.<\/span><\/p>\n<p><strong><span style=\"font-family: arial,helvetica,sans-serif; font-size: small;\"><span style=\"font-family: arial,helvetica,sans-serif; font-size: small;\">31.03.2014 &#8212; Vom 5. bis zum 9. Juni werden im Rahmen eines vom Forum Wallis organisierten Festivals f\u00fcr Zeitgen\u00f6ssische Musik am verl\u00e4ngerten\u00a0Pfingstwochenende\u00a0im Schloss Leuk \u00fcber hundert Komponisten, \u00fcber hundert Schweizer Premieren und \u00fcber hundert Werke, die nicht \u00e4lter als\u00a0zwei Jahre sind, gespielt.<\/span><\/span><\/strong> <\/p>\n<p>\u00a0<\/p>\n<p><span style=\"font-family: arial,helvetica,sans-serif; font-size: small;\">Neben dem Platypus Ensemble aus Wien, den Curious Chamber Players aus Stockholm, dem dissonArt Ensemble aus Thessaloniki, Kontur aus Basel und\u00a0Takao Hyakutome aus Japan treten\u00a0auch international t\u00e4tige Walliser Musiker\u00a0wie Manuel Mengis (hicsuntleones), Hans-Peter Pfammatter (KONTRA-Trio), Christophe Fellay, Yannick Barman, Pascal Viglino, UMS &#8217;n JIP und\u00a0Jonas Imhof auf. <\/span><\/p>\n<p><span style=\"font-family: arial,helvetica,sans-serif; font-size: small;\">\u00a0<\/span><\/p>\n<p><span style=\"font-family: arial,helvetica,sans-serif; font-size: small;\">Das betont internationale Programm ist laut der offiziellen Mitteilung der Veranstalter 2014 m\u00f6glich dank\u00a0 Partnerschaften mit Festivals und Gesellschaften\u00a0wie Dimitria Thessaloniki, ME_MMIX Palma sowie mit der Int. Society for Contemporary Music Sweden.\u00a0Vielen Programmen gemeinsam sei eine engagierte Auseinandersetzung mit aktuellen Krisenherden in der T\u00fcrkei, Spanien und Griechenland. Flankiert werden die Konzerte von Installationen, Performances und einer hochkar\u00e4tigen Kunstausstellung. <\/span><\/p>\n<p><span style=\"font-family: arial,helvetica,sans-serif; font-size: small;\">\u00a0<\/span><\/p>\n<p><span style=\"font-family: arial,helvetica,sans-serif; font-size: small;\">Erstmals findet am Pfingstmontag (9.6.)\u00a0auch ein IGNM-Tag statt: Er pr\u00e4sentiert Produktionen, die von der IGNM auf internationaler, nationaler und lokaler Ebene kuratiert sind und schafft gleichzeitig ein Gef\u00e4ss, damit sich die Schweizer Ortssektionen informell treffen und austauschen k\u00f6nnen. Am Pfingstmontag tagt in Leuk ebenfalls der Vorstand von Swissfestivals, dem Dachverband der Schweizer Festivals. Das Forum Wallis\u00a0wird von der j\u00fcngsten IGNM-Ortsgruppe der Schweiz, der IGNM-VS organisiert. Es geniesst seit 2013 Gastrecht im Schloss Leuk und findet j\u00e4hrlich \u00fcber Pfingsten statt.<em> (cf)<\/em><\/span><\/p>\n","protected":false},"excerpt":{"rendered":"<p><span style=\"font-family: arial,helvetica,sans-serif; font-size: small;\">31.03.2014 &#8212; Vom 5. bis zum 9. Juni werden im Rahmen eines vom Forum Wallis organisierten Festivals f\u00fcr Zeitgen\u00f6ssische Musik am verl\u00e4ngerten\u00a0Pfingstwochenende\u00a0im Schloss Leuk \u00fcber hundert Komponisten, \u00fcber hundert Schweizer Premieren und \u00fcber hundert Werke, die nicht \u00e4lter als\u00a0zwei Jahre sind, gespielt.<\/span><\/p>\n","protected":false},"author":1,"featured_media":0,"comment_status":"open","ping_status":"open","sticky":false,"template":"","format":"standard","meta":{"footnotes":""},"categories":[2],"tags":[],"class_list":["post-1322","post","type-post","status-publish","format-standard","hentry","category-nachrichten","entry"],"_links":{"self":[{"href":"https:\/\/codexflores.ch\/index.php\/wp-json\/wp\/v2\/posts\/1322","targetHints":{"allow":["GET"]}}],"collection":[{"href":"https:\/\/codexflores.ch\/index.php\/wp-json\/wp\/v2\/posts"}],"about":[{"href":"https:\/\/codexflores.ch\/index.php\/wp-json\/wp\/v2\/types\/post"}],"author":[{"embeddable":true,"href":"https:\/\/codexflores.ch\/index.php\/wp-json\/wp\/v2\/users\/1"}],"replies":[{"embeddable":true,"href":"https:\/\/codexflores.ch\/index.php\/wp-json\/wp\/v2\/comments?post=1322"}],"version-history":[{"count":0,"href":"https:\/\/codexflores.ch\/index.php\/wp-json\/wp\/v2\/posts\/1322\/revisions"}],"wp:attachment":[{"href":"https:\/\/codexflores.ch\/index.php\/wp-json\/wp\/v2\/media?parent=1322"}],"wp:term":[{"taxonomy":"category","embeddable":true,"href":"https:\/\/codexflores.ch\/index.php\/wp-json\/wp\/v2\/categories?post=1322"},{"taxonomy":"post_tag","embeddable":true,"href":"https:\/\/codexflores.ch\/index.php\/wp-json\/wp\/v2\/tags?post=1322"}],"curies":[{"name":"wp","href":"https:\/\/api.w.org\/{rel}","templated":true}]}}