{"id":1323,"date":"2014-04-01T05:49:10","date_gmt":"2014-04-01T05:49:10","guid":{"rendered":"https:\/\/codexflores.ch\/index.php\/2014\/04\/01\/technorama-praesentiert-welt-des-schalls\/"},"modified":"2014-04-01T05:49:10","modified_gmt":"2014-04-01T05:49:10","slug":"technorama-praesentiert-welt-des-schalls","status":"publish","type":"post","link":"https:\/\/codexflores.ch\/index.php\/2014\/04\/01\/technorama-praesentiert-welt-des-schalls\/","title":{"rendered":"Technorama pr\u00e4sentiert Welt des Schalls"},"content":{"rendered":"<p><span style=\"font-family: arial,helvetica,sans-serif; font-size: small;\">01.04.2014 &#8212; Die Welt des Schalls, seine Entstehung, Verbreitung und Wahrnehmung stehen im Mittelpunkt der <\/span><span style=\"font-family: arial,helvetica,sans-serif; font-size: small;\">neuen Sonderausstellung des Swiss Science Center Technorama in Winterthur.<\/span><\/p>\n<p><strong><span style=\"font-family: arial,helvetica,sans-serif; font-size: small;\">01.04.2014 &#8212; Die Welt des Schalls, seine Entstehung, Verbreitung und Wahrnehmung stehen im Mittelpunkt der <\/span><span style=\"font-family: arial,helvetica,sans-serif; font-size: small;\">neuen Sonderausstellung des Swiss Science Center Technorama in Winterthur.<\/span><\/strong><\/p>\n<p>\u00a0<\/p>\n<p><span style=\"font-family: arial,helvetica,sans-serif; font-size: small;\">Die Klangwelten laden die Besucherinnen und Besucher ein, neue Klangr\u00e4ume und ungew\u00f6hnliche <\/span><span style=\"font-family: arial,helvetica,sans-serif; font-size: small;\">Klanginstallationen kennen zu lernen, etwa der Klankkaatser oder Klang-Hallraum des Niederl\u00e4nders <\/span><span style=\"font-family: arial,helvetica,sans-serif; font-size: small;\">Hans van Koolwijk. Der zehn Meter hohe eif\u00f6rmige Raum verbl\u00fcfft mit unerh\u00f6rten Klangerlebnissen: Musik <\/span><span style=\"font-family: arial,helvetica,sans-serif; font-size: small;\">scheint wie aus dem Nichts direkt in den K\u00f6pfen der Zuh\u00f6rer zu entstehen, und wer im Innern die Leiter ein <\/span><span style=\"font-family: arial,helvetica,sans-serif; font-size: small;\">St\u00fcck weit hinaufklettert, h\u00f6rt seine eigene Stimme so voll und kr\u00e4ftig wie niemals zuvor mit einem <\/span><span style=\"font-family: arial,helvetica,sans-serif; font-size: small;\">Nachhall von \u00fcber zehn Sekunden!<\/span><\/p>\n<p><span style=\"font-family: arial,helvetica,sans-serif; font-size: small;\">\u00a0<\/span><\/p>\n<p><span style=\"font-family: arial,helvetica,sans-serif; font-size: small;\">An einer H\u00f6rbar werden keine Getr\u00e4nke ausgeschenkt, sondern Kl\u00e4nge serviert. Hier h\u00f6rt man Musik \u00fcber<\/span> <span style=\"font-family: arial,helvetica,sans-serif; font-size: small;\">die eigenen Knochen, bringt Gl\u00e4ser zum Schwingen, funktioniert die Thekenm\u00f6bel zu Instrumenten um und<\/span> <span style=\"font-family: arial,helvetica,sans-serif; font-size: small;\">l\u00e4sst Feuer im Rhythmus der Musik tanzen. Und weil Musik oft auch eine soziale Interaktion ist, l\u00e4dt der<\/span> <span style=\"font-family: arial,helvetica,sans-serif; font-size: small;\">Barkeeper die G\u00e4ste jeweils zu einer spontanen Jam-Session ein. Zu den weiteren ungew\u00f6hnlichen <\/span><span style=\"font-family: arial,helvetica,sans-serif; font-size: small;\">Musikinstrumenten geh\u00f6ren Schlag- und Pumporgeln, Zahnrad- und Lochsirenen oder eine riesige <\/span><span style=\"font-family: arial,helvetica,sans-serif; font-size: small;\">Xylophon-Kugelbahn, die alle auf spielerische Art ganz verschiedene M\u00f6glichkeiten der Klangerzeugung <\/span><span style=\"font-family: arial,helvetica,sans-serif; font-size: small;\">er\u00f6ffnen.\u00a0<\/span><\/p>\n<p><span style=\"font-family: arial,helvetica,sans-serif; font-size: small;\">\u00a0<\/span><\/p>\n<p><span style=\"font-family: arial,helvetica,sans-serif; font-size: small;\">Die Sonderausstellung ist im Technorama Winterthur ab 16. April 2014 zug\u00e4nglich. <em>(cf)<\/em><br \/><\/span><\/p>\n<p><span style=\"font-family: arial,helvetica,sans-serif; font-size: small;\">\u00a0<\/span><\/p>\n","protected":false},"excerpt":{"rendered":"<p><span style=\"font-family: arial,helvetica,sans-serif; font-size: small;\">01.04.2014 &#8212; Die Welt des Schalls, seine Entstehung, Verbreitung und Wahrnehmung stehen im Mittelpunkt der <\/span><span style=\"font-family: arial,helvetica,sans-serif; font-size: small;\">neuen Sonderausstellung des Swiss Science Center Technorama in Winterthur.<\/span><\/p>\n","protected":false},"author":1,"featured_media":0,"comment_status":"open","ping_status":"open","sticky":false,"template":"","format":"standard","meta":{"footnotes":""},"categories":[2],"tags":[],"class_list":["post-1323","post","type-post","status-publish","format-standard","hentry","category-nachrichten","entry"],"_links":{"self":[{"href":"https:\/\/codexflores.ch\/index.php\/wp-json\/wp\/v2\/posts\/1323","targetHints":{"allow":["GET"]}}],"collection":[{"href":"https:\/\/codexflores.ch\/index.php\/wp-json\/wp\/v2\/posts"}],"about":[{"href":"https:\/\/codexflores.ch\/index.php\/wp-json\/wp\/v2\/types\/post"}],"author":[{"embeddable":true,"href":"https:\/\/codexflores.ch\/index.php\/wp-json\/wp\/v2\/users\/1"}],"replies":[{"embeddable":true,"href":"https:\/\/codexflores.ch\/index.php\/wp-json\/wp\/v2\/comments?post=1323"}],"version-history":[{"count":0,"href":"https:\/\/codexflores.ch\/index.php\/wp-json\/wp\/v2\/posts\/1323\/revisions"}],"wp:attachment":[{"href":"https:\/\/codexflores.ch\/index.php\/wp-json\/wp\/v2\/media?parent=1323"}],"wp:term":[{"taxonomy":"category","embeddable":true,"href":"https:\/\/codexflores.ch\/index.php\/wp-json\/wp\/v2\/categories?post=1323"},{"taxonomy":"post_tag","embeddable":true,"href":"https:\/\/codexflores.ch\/index.php\/wp-json\/wp\/v2\/tags?post=1323"}],"curies":[{"name":"wp","href":"https:\/\/api.w.org\/{rel}","templated":true}]}}