{"id":1329,"date":"2014-04-02T06:31:40","date_gmt":"2014-04-02T06:31:40","guid":{"rendered":"https:\/\/codexflores.ch\/index.php\/2014\/04\/02\/debatte-um-zukunft-des-bayerischen-sendders-br-klassik\/"},"modified":"2014-04-02T06:31:40","modified_gmt":"2014-04-02T06:31:40","slug":"debatte-um-zukunft-des-bayerischen-sendders-br-klassik","status":"publish","type":"post","link":"https:\/\/codexflores.ch\/index.php\/2014\/04\/02\/debatte-um-zukunft-des-bayerischen-sendders-br-klassik\/","title":{"rendered":"Debatte um Zukunft des Bayerischen Senders BR-Klassik"},"content":{"rendered":"<p><span style=\"font-family: arial,helvetica,sans-serif; font-size: small;\">02.04.2014 &#8212; Gegen die Ank\u00fcndigung des Bayerischen Rundfunks, den Klassiksender BR-Klassik von den UKW-Frequenzen in die Digitalkan\u00e4le verschieben zu wollen, hat der Bayerische Musikrat protestiert. Der Sender wehrt sich gegen Vorw\u00fcrfe, das Angebot marginalisieren zu wollen.<\/span><\/p>\n<p><strong><span style=\"font-family: arial,helvetica,sans-serif; font-size: small;\">02.04.2014 &#8212; Gegen die Ank\u00fcndigung des Bayerischen Rundfunks, den Klassiksender BR-Klassik von den UKW-Frequenzen in die Digitalkan\u00e4le verschieben zu wollen, hat der Bayerische Musikrat\u00a0 protestiert. Der Sender wehrt sich gegen Vorw\u00fcrfe, das Angebot marginalisieren zu wollen.<\/span><\/strong><\/p>\n<p><span style=\"font-family: arial,helvetica,sans-serif; font-size: small;\">\u00a0<\/span><\/p>\n<p><span style=\"font-family: arial,helvetica,sans-serif; font-size: small;\"><span class=\"csAD7323C5\">Der Bayerische Musikrat hat eine <a href=\"https:\/\/www.openpetition.de\/petition\/online\/br-klassik-muss-bleiben?utm_source=extern&amp;utm_medium=widget&amp;utm_campaign=br-klassik-muss-bleiben\" target=\"_blank\" rel=\"noopener noreferrer\">Petition<\/a> lanciert und fordert, BR-Klassik f\u00fcr die Dauer der generellen UKW-Nutzung auf dem bisherigen Kanal zu belassen, damit \u00abdie Vielfalt der Musikkultur in Bayern keine unumkehrbare Einschr\u00e4nkung erf\u00e4hrt\u00bb. Unterschrieben haben die Petition mittlerweile mehr als 10&#8217;000 Personen. Dies entspricht 20 Prozent der angestrebten 50&#8217;000 Unterschriften<br \/><\/span><\/span><\/p>\n<p><span style=\"font-family: arial,helvetica,sans-serif; font-size: small;\"><span class=\"csAD7323C5\">\u00a0<\/span><\/span><\/p>\n<p><span style=\"font-family: arial,helvetica,sans-serif; font-size: small;\">In einer eigenen Aussendung widerspricht der Sender. Martin Wagner, ab 1. Mai BR-H\u00f6rfunkdirektor, erkl\u00e4rt, der Bayerische Rundfunk wolle \u00abseine Klassikangebote st\u00e4rken, auf die Zukunft ausrichten und ein noch j\u00fcngeres Publikum f\u00fcr die Klassik gewinnen\u00bb. Ein Wechsel der Welle BR-Klassik von UKW zu DAB+ habe \u00fcberdies eine deutliche Verbesserung der Klangqualit\u00e4t zur Folge. <em>(cf)<\/em><br \/><\/span><\/p>\n<p>\u00a0<\/p>\n<p><span style=\"font-family: arial,helvetica,sans-serif; font-size: small;\">\u00a0<\/span><\/p>\n","protected":false},"excerpt":{"rendered":"<p><span style=\"font-family: arial,helvetica,sans-serif; font-size: small;\">02.04.2014 &#8212; Gegen die Ank\u00fcndigung des Bayerischen Rundfunks, den Klassiksender BR-Klassik von den UKW-Frequenzen in die Digitalkan\u00e4le verschieben zu wollen, hat der Bayerische Musikrat protestiert. Der Sender wehrt sich gegen Vorw\u00fcrfe, das Angebot marginalisieren zu wollen.<\/span><\/p>\n","protected":false},"author":1,"featured_media":0,"comment_status":"open","ping_status":"open","sticky":false,"template":"","format":"standard","meta":{"footnotes":""},"categories":[2],"tags":[],"class_list":["post-1329","post","type-post","status-publish","format-standard","hentry","category-nachrichten","entry"],"_links":{"self":[{"href":"https:\/\/codexflores.ch\/index.php\/wp-json\/wp\/v2\/posts\/1329","targetHints":{"allow":["GET"]}}],"collection":[{"href":"https:\/\/codexflores.ch\/index.php\/wp-json\/wp\/v2\/posts"}],"about":[{"href":"https:\/\/codexflores.ch\/index.php\/wp-json\/wp\/v2\/types\/post"}],"author":[{"embeddable":true,"href":"https:\/\/codexflores.ch\/index.php\/wp-json\/wp\/v2\/users\/1"}],"replies":[{"embeddable":true,"href":"https:\/\/codexflores.ch\/index.php\/wp-json\/wp\/v2\/comments?post=1329"}],"version-history":[{"count":0,"href":"https:\/\/codexflores.ch\/index.php\/wp-json\/wp\/v2\/posts\/1329\/revisions"}],"wp:attachment":[{"href":"https:\/\/codexflores.ch\/index.php\/wp-json\/wp\/v2\/media?parent=1329"}],"wp:term":[{"taxonomy":"category","embeddable":true,"href":"https:\/\/codexflores.ch\/index.php\/wp-json\/wp\/v2\/categories?post=1329"},{"taxonomy":"post_tag","embeddable":true,"href":"https:\/\/codexflores.ch\/index.php\/wp-json\/wp\/v2\/tags?post=1329"}],"curies":[{"name":"wp","href":"https:\/\/api.w.org\/{rel}","templated":true}]}}