{"id":1330,"date":"2014-04-02T10:54:29","date_gmt":"2014-04-02T10:54:29","guid":{"rendered":"https:\/\/codexflores.ch\/index.php\/2014\/04\/02\/das-orchester-03-14\/"},"modified":"2014-04-02T10:54:29","modified_gmt":"2014-04-02T10:54:29","slug":"das-orchester-03-14","status":"publish","type":"post","link":"https:\/\/codexflores.ch\/index.php\/2014\/04\/02\/das-orchester-03-14\/","title":{"rendered":"das Orchester Heft 3 (M\u00e4rz 2014)"},"content":{"rendered":"<p><img decoding=\"async\" src=\"images\/zeitschriften_covers\/orch314.jpg\" border=\"0\" style=\"float: left; margin: 8px;\" \/>Magazin f\u00fcr Musiker und Management<\/p>\n<p> Herausgegeben von Schott Music, Mainz<\/p>\n<p> <strong>Thema: Made in France <\/strong><\/p>\n<p> Marco Frei: <br \/> Made in France. Die Orchesterlandschaft Frankreichs <\/p>\n<p> Marco Frei: <br \/> Ein fragiles Netz? Die \u00f6ffentlich finanzierten Sinfonie- und Opernorchester in Frankreich \u2013 ein \u00dcberblick <\/p>\n<p> Marco Frei: <br \/> Wie frei sind die Freischaffenden. Auch in Frankreich stehen die freien Musiker vor Problemen und Herausforderungen <\/p>\n<p> Marco Frei: <br \/> Mehr Wille zur Demokratisierung! Interview mit Yves Sapir, dem Pr\u00e4sidenten der franz\u00f6sischen Musikergewerkschaft SNAM <\/p>\n<p> Sven Scherz-Schade: <br \/> Kandidatenpyramide. Musikerausbildung in Frankreich <\/p>\n<p> Sven Scherz-Schade: <br \/> Klassik im Rundfunk. Klangk\u00f6rper bei Radio France <\/p>\n<p> Marco Frei: <br \/> Das Morgen gestalten. Konzerts\u00e4le und Darbietungsr\u00e4ume f\u00fcr das Publikum von morgen <\/p>\n<p> Sven Scherz-Schade: <br \/> Impuls f\u00fcr die Neue Musik. F\u00f6rderung \u00e0 la fran\u00e7aise: Das Bureau Export und der Deutsch-franz\u00f6sische Fonds f\u00fcr zeitgen\u00f6ssische Musik <\/p>\n<p> <strong>Orchesterbetrieb<\/strong> <\/p>\n<p> Alexander Hollensteiner: <br \/> On Tour. Strategien f\u00fcr ein erfolgreiches Touring von Orchestern. Die Academy of St Martin in the Fields zwischen Neville Marriner und Joshua Bell <\/p>\n<p> <strong>Interview <\/strong> <\/p>\n<p> Antje R\u00f6\u00dfler: <br \/> \u00abDas Klassikkonzert ver\u00e4ndern, um es zu retten\u00bb. Birgit Mandel spricht \u00fcber das Konzept des interkulturellen Audience Development <\/p>\n<p> <strong>Im Weiteren<\/strong> <\/p>\n<p> Meldungen<br \/> Zwischent\u00f6ne<br \/> netzwerk junge ohren<br \/> on tour<br \/> Berichte<br \/> Rezensionen<\/p>\n","protected":false},"excerpt":{"rendered":"<p>Magazin f\u00fcr Musiker und Management Herausgegeben von Schott Music, Mainz Thema: Made in France Marco Frei: Made in France. Die&#8230;<\/p>\n","protected":false},"author":1,"featured_media":0,"comment_status":"open","ping_status":"open","sticky":false,"template":"","format":"standard","meta":{"footnotes":""},"categories":[10],"tags":[],"class_list":["post-1330","post","type-post","status-publish","format-standard","hentry","category-fachzeitschriften","entry"],"_links":{"self":[{"href":"https:\/\/codexflores.ch\/index.php\/wp-json\/wp\/v2\/posts\/1330","targetHints":{"allow":["GET"]}}],"collection":[{"href":"https:\/\/codexflores.ch\/index.php\/wp-json\/wp\/v2\/posts"}],"about":[{"href":"https:\/\/codexflores.ch\/index.php\/wp-json\/wp\/v2\/types\/post"}],"author":[{"embeddable":true,"href":"https:\/\/codexflores.ch\/index.php\/wp-json\/wp\/v2\/users\/1"}],"replies":[{"embeddable":true,"href":"https:\/\/codexflores.ch\/index.php\/wp-json\/wp\/v2\/comments?post=1330"}],"version-history":[{"count":0,"href":"https:\/\/codexflores.ch\/index.php\/wp-json\/wp\/v2\/posts\/1330\/revisions"}],"wp:attachment":[{"href":"https:\/\/codexflores.ch\/index.php\/wp-json\/wp\/v2\/media?parent=1330"}],"wp:term":[{"taxonomy":"category","embeddable":true,"href":"https:\/\/codexflores.ch\/index.php\/wp-json\/wp\/v2\/categories?post=1330"},{"taxonomy":"post_tag","embeddable":true,"href":"https:\/\/codexflores.ch\/index.php\/wp-json\/wp\/v2\/tags?post=1330"}],"curies":[{"name":"wp","href":"https:\/\/api.w.org\/{rel}","templated":true}]}}