{"id":1333,"date":"2014-04-03T06:24:12","date_gmt":"2014-04-03T06:24:12","guid":{"rendered":"https:\/\/codexflores.ch\/index.php\/2014\/04\/03\/tod-des-franzoesisch-schweizerischen-musikologen-serge-gut\/"},"modified":"2014-04-03T06:24:12","modified_gmt":"2014-04-03T06:24:12","slug":"tod-des-franzoesisch-schweizerischen-musikologen-serge-gut","status":"publish","type":"post","link":"https:\/\/codexflores.ch\/index.php\/2014\/04\/03\/tod-des-franzoesisch-schweizerischen-musikologen-serge-gut\/","title":{"rendered":"Tod des franz\u00f6sisch-schweizerischen Musikologen Serge Gut"},"content":{"rendered":"<p><span style=\"font-family: arial,helvetica,sans-serif; font-size: small;\">03.04.2014 &#8212; Der geb\u00fcrtige Basler Musikologe Serge Gut, der in Frankreich als Spezialist f\u00fcr die Romantiker, in erster Linie Franz Liszt, hoch geachtet war und an der Sorbonne in Paris unterrichtete, ist im Alter von 86 Jahren verstorben.<\/span><\/p>\n<p><strong><span style=\"font-family: arial,helvetica,sans-serif; font-size: small;\">03.04.2014 &#8212; Der geb\u00fcrtige Basler Musikologe Serge Gut, der in Frankreich als Spezialist f\u00fcr die Romantiker, in erster Linie Franz Liszt, hoch geachtet war und an der Sorbonne in Paris unterrichtete, ist im Alter von 86 Jahren verstorben.<\/span><\/strong><\/p>\n<p>\u00a0<\/p>\n<p>Der 1927 in Basel geborene Serge Gut studierte bei Simone Pl\u00e9-Caussade, Tony Aubin und Olivier Messiaen am Conservatoire de Paris und war als Professor und Komponist an der Unversit\u00e4t Sorbonne-Paris t\u00e4tig. Seine Liszt-Biografie gilt \u00fcber den franz\u00f6sischen Sprachraum hinaus als Standardwerk. <em>(cf)<\/em><\/p>\n<p>\u00a0<\/p>\n","protected":false},"excerpt":{"rendered":"<p><span style=\"font-family: arial,helvetica,sans-serif; font-size: small;\">03.04.2014 &#8212; Der geb\u00fcrtige Basler Musikologe Serge Gut, der in Frankreich als Spezialist f\u00fcr die Romantiker, in erster Linie Franz Liszt, hoch geachtet war und an der Sorbonne in Paris unterrichtete, ist im Alter von 86 Jahren verstorben.<\/span><\/p>\n","protected":false},"author":1,"featured_media":0,"comment_status":"open","ping_status":"open","sticky":false,"template":"","format":"standard","meta":{"footnotes":""},"categories":[2],"tags":[],"class_list":["post-1333","post","type-post","status-publish","format-standard","hentry","category-nachrichten","entry"],"_links":{"self":[{"href":"https:\/\/codexflores.ch\/index.php\/wp-json\/wp\/v2\/posts\/1333","targetHints":{"allow":["GET"]}}],"collection":[{"href":"https:\/\/codexflores.ch\/index.php\/wp-json\/wp\/v2\/posts"}],"about":[{"href":"https:\/\/codexflores.ch\/index.php\/wp-json\/wp\/v2\/types\/post"}],"author":[{"embeddable":true,"href":"https:\/\/codexflores.ch\/index.php\/wp-json\/wp\/v2\/users\/1"}],"replies":[{"embeddable":true,"href":"https:\/\/codexflores.ch\/index.php\/wp-json\/wp\/v2\/comments?post=1333"}],"version-history":[{"count":0,"href":"https:\/\/codexflores.ch\/index.php\/wp-json\/wp\/v2\/posts\/1333\/revisions"}],"wp:attachment":[{"href":"https:\/\/codexflores.ch\/index.php\/wp-json\/wp\/v2\/media?parent=1333"}],"wp:term":[{"taxonomy":"category","embeddable":true,"href":"https:\/\/codexflores.ch\/index.php\/wp-json\/wp\/v2\/categories?post=1333"},{"taxonomy":"post_tag","embeddable":true,"href":"https:\/\/codexflores.ch\/index.php\/wp-json\/wp\/v2\/tags?post=1333"}],"curies":[{"name":"wp","href":"https:\/\/api.w.org\/{rel}","templated":true}]}}