{"id":1336,"date":"2014-04-04T06:23:56","date_gmt":"2014-04-04T06:23:56","guid":{"rendered":"https:\/\/codexflores.ch\/index.php\/2014\/04\/04\/bruckner-museum-ansfelden-eroeffnet\/"},"modified":"2014-04-04T06:23:56","modified_gmt":"2014-04-04T06:23:56","slug":"bruckner-museum-ansfelden-eroeffnet","status":"publish","type":"post","link":"https:\/\/codexflores.ch\/index.php\/2014\/04\/04\/bruckner-museum-ansfelden-eroeffnet\/","title":{"rendered":"Bruckner-Museum Ansfelden er\u00f6ffnet"},"content":{"rendered":"<p><span style=\"font-family: arial,helvetica,sans-serif; font-size: small;\">04.04.2014 &#8212; Das Geburtshaus Anton Bruckners im ober\u00f6sterreichischen Ansfelden ist f\u00fcr eine halbe Million Euro renoviert worden und neu als Museum wieder \u00f6ffentlich zug\u00e4nglich.<\/span><\/p>\n<p><strong><span style=\"font-family: arial,helvetica,sans-serif; font-size: small;\">04.04.2014 &#8212; Das Geburtshaus Anton Bruckners im ober\u00f6sterreichischen Ansfelden ist f\u00fcr eine halbe Million Euro renoviert worden und neu als Museum wieder \u00f6ffentlich zug\u00e4nglich. \u00a0<\/span><\/strong><\/p>\n<p>\u00a0<\/p>\n<p><span style=\"font-family: arial,helvetica,sans-serif; font-size: small;\">Bruckner wurde am 4. September 1824 in der Wohnung des Schulmeisters als erstes Kind von Theresia und Anton Bruckner in Ansfelden geboren.\u00a0 Hier verbrachte er die ersten elf Lebensjahre seines Lebens, um schon ab dem Jahre 1835 in H\u00f6rsching seine erste musikalische Ausbildung zu bekommen. Einzig im Jahre 1837 kehrte er kurz nach Ansfelden zur\u00fcck, um den kranken Vater im Schulunterricht bis zu dessen Tod zu unterst\u00fctzen. <\/span><\/p>\n<p><span style=\"font-family: arial,helvetica,sans-serif; font-size: small;\">\u00a0<\/span><\/p>\n<p><span style=\"font-family: arial,helvetica,sans-serif; font-size: small;\">Nach umfassenden Sanierungsarbeiten ist Geburtshaus in Ansfelden nun wieder er\u00f6ffnet worden. Es sei weltweit die einzige keine museale Einrichtung, die dezidiert das Leben und Werk Anton Bruckners in seinen wesentlichen Z\u00fcgen vorstelle, schreiben die Betreiber.<em> (cf)<\/em><br \/><\/span><\/p>\n<p><span style=\"font-family: arial,helvetica,sans-serif; font-size: small;\"><em>\u00a0<\/em><\/span><\/p>\n<p><span style=\"font-family: arial,helvetica,sans-serif; font-size: small;\">Mehr Infos:<\/span><\/p>\n<p><span style=\"font-family: arial,helvetica,sans-serif; font-size: small;\"> <a href=\"http:\/\/www.landesmuseum.at\/ueber\/die-haeuser\/anton-bruckner-museum-ansfelden\/\" target=\"_blank\" rel=\"noopener noreferrer\">www.landesmuseum.at\/ueber\/die-haeuser\/anton-bruckner-museum-ansfelden\/<\/a><em> <br \/><\/em><\/span><\/p>\n<p><span style=\"font-family: arial,helvetica,sans-serif; font-size: small;\">\u00a0<\/span><\/p>\n","protected":false},"excerpt":{"rendered":"<p><span style=\"font-family: arial,helvetica,sans-serif; font-size: small;\">04.04.2014 &#8212; Das Geburtshaus Anton Bruckners im ober\u00f6sterreichischen Ansfelden ist f\u00fcr eine halbe Million Euro renoviert worden und neu als Museum wieder \u00f6ffentlich zug\u00e4nglich.<\/span><\/p>\n","protected":false},"author":1,"featured_media":0,"comment_status":"open","ping_status":"open","sticky":false,"template":"","format":"standard","meta":{"footnotes":""},"categories":[2],"tags":[],"class_list":["post-1336","post","type-post","status-publish","format-standard","hentry","category-nachrichten","entry"],"_links":{"self":[{"href":"https:\/\/codexflores.ch\/index.php\/wp-json\/wp\/v2\/posts\/1336","targetHints":{"allow":["GET"]}}],"collection":[{"href":"https:\/\/codexflores.ch\/index.php\/wp-json\/wp\/v2\/posts"}],"about":[{"href":"https:\/\/codexflores.ch\/index.php\/wp-json\/wp\/v2\/types\/post"}],"author":[{"embeddable":true,"href":"https:\/\/codexflores.ch\/index.php\/wp-json\/wp\/v2\/users\/1"}],"replies":[{"embeddable":true,"href":"https:\/\/codexflores.ch\/index.php\/wp-json\/wp\/v2\/comments?post=1336"}],"version-history":[{"count":0,"href":"https:\/\/codexflores.ch\/index.php\/wp-json\/wp\/v2\/posts\/1336\/revisions"}],"wp:attachment":[{"href":"https:\/\/codexflores.ch\/index.php\/wp-json\/wp\/v2\/media?parent=1336"}],"wp:term":[{"taxonomy":"category","embeddable":true,"href":"https:\/\/codexflores.ch\/index.php\/wp-json\/wp\/v2\/categories?post=1336"},{"taxonomy":"post_tag","embeddable":true,"href":"https:\/\/codexflores.ch\/index.php\/wp-json\/wp\/v2\/tags?post=1336"}],"curies":[{"name":"wp","href":"https:\/\/api.w.org\/{rel}","templated":true}]}}