{"id":1338,"date":"2014-04-07T06:04:34","date_gmt":"2014-04-07T06:04:34","guid":{"rendered":"https:\/\/codexflores.ch\/index.php\/2014\/04\/07\/gheorghiu-will-nicht-netrebko-ersatz-sein\/"},"modified":"2014-04-07T06:04:34","modified_gmt":"2014-04-07T06:04:34","slug":"gheorghiu-will-nicht-netrebko-ersatz-sein","status":"publish","type":"post","link":"https:\/\/codexflores.ch\/index.php\/2014\/04\/07\/gheorghiu-will-nicht-netrebko-ersatz-sein\/","title":{"rendered":"Gheorghiu will nicht Netrebko-Ersatz sein"},"content":{"rendered":"<p><span style=\"font-family: arial,helvetica,sans-serif; font-size: small;\"><span style=\"font-family: arial,helvetica,sans-serif; font-size: small;\">07.04.2014 &#8212; Hier noch das Neueste von der Sopranistinnen-Front: Angela Gheorghiu hat laut einer Meldung von <em>Resmusica<\/em> eine Zusage, in Baden-Baden Marguerite in Gounods <em>Faust<\/em> zu singen, zur\u00fcckgezogen. Mit der Begr\u00fcndung bleibt sie ganz sich selbst.<\/span><br \/><\/span><\/p>\n<p><strong>\u00a0<span style=\"font-family: arial,helvetica,sans-serif; font-size: small;\">07.04.2014 &#8212; Hier noch das Neueste von der Sopranistinnen-Front: Angela Gheorghiu hat laut einer Meldung von <em>Resmusica<\/em> eine Zusage, in Baden-Baden Marguerite<span style=\"font-family: arial,helvetica,sans-serif; font-size: small;\"><span style=\"font-family: arial,helvetica,sans-serif; font-size: small;\"> in Gounods <em>Faust<\/em><\/span><\/span> zu singen, zur\u00fcckgezogen. Mit der Begr\u00fcndung bleibt sie ganz sich selbst.<\/span><\/strong><\/p>\n<p><span style=\"font-family: arial,helvetica,sans-serif; font-size: small;\">\u00a0<\/span><\/p>\n<p><span style=\"font-family: arial,helvetica,sans-serif; font-size: small;\">Gheorghiu w\u00e4re f\u00fcr die verhinderte Anna Netrebko eingesprungen. Laut <em>Resmusica<\/em> erkl\u00e4rt sie nun aber, sie beteilige sich aus Prinzip nicht an Produktionen, die nicht von Beginn weg f\u00fcr sie gedacht gewesen seien. Zudem sei es f\u00fcr sie un\u00fcblich, Kolleginnen zu vertreten. <\/span><\/p>\n<p>\u00a0<\/p>\n<p><span style=\"font-family: arial,helvetica,sans-serif; font-size: small;\">Sie habe, so Gheorghiu weiter, alles getan, um sich den Zeitpunkt freizuhalten, leider sei ihr dies aber nicht gelungen. Sie hoffe nun, einmal eine Einladung f\u00fcr eine Produktion in Baden-Baden zu erhalten, die von Beginn weg ihr zugedacht sei. <em>(cf)<\/em> <\/span><\/p>\n","protected":false},"excerpt":{"rendered":"<p><span style=\"font-family: arial,helvetica,sans-serif; font-size: small;\"><span style=\"font-family: arial,helvetica,sans-serif; font-size: small;\">07.04.2014 &#8212; Hier noch das Neueste von der Sopranistinnen-Front: Angela Gheorghiu hat laut einer Meldung von <em>Resmusica<\/em> eine Zusage, in Baden-Baden Marguerite in Gounods <em>Faust<\/em> zu singen, zur\u00fcckgezogen. Mit der Begr\u00fcndung bleibt sie ganz sich selbst.<\/span><br \/><\/span><\/p>\n","protected":false},"author":1,"featured_media":0,"comment_status":"open","ping_status":"open","sticky":false,"template":"","format":"standard","meta":{"footnotes":""},"categories":[2],"tags":[],"class_list":["post-1338","post","type-post","status-publish","format-standard","hentry","category-nachrichten","entry"],"_links":{"self":[{"href":"https:\/\/codexflores.ch\/index.php\/wp-json\/wp\/v2\/posts\/1338","targetHints":{"allow":["GET"]}}],"collection":[{"href":"https:\/\/codexflores.ch\/index.php\/wp-json\/wp\/v2\/posts"}],"about":[{"href":"https:\/\/codexflores.ch\/index.php\/wp-json\/wp\/v2\/types\/post"}],"author":[{"embeddable":true,"href":"https:\/\/codexflores.ch\/index.php\/wp-json\/wp\/v2\/users\/1"}],"replies":[{"embeddable":true,"href":"https:\/\/codexflores.ch\/index.php\/wp-json\/wp\/v2\/comments?post=1338"}],"version-history":[{"count":0,"href":"https:\/\/codexflores.ch\/index.php\/wp-json\/wp\/v2\/posts\/1338\/revisions"}],"wp:attachment":[{"href":"https:\/\/codexflores.ch\/index.php\/wp-json\/wp\/v2\/media?parent=1338"}],"wp:term":[{"taxonomy":"category","embeddable":true,"href":"https:\/\/codexflores.ch\/index.php\/wp-json\/wp\/v2\/categories?post=1338"},{"taxonomy":"post_tag","embeddable":true,"href":"https:\/\/codexflores.ch\/index.php\/wp-json\/wp\/v2\/tags?post=1338"}],"curies":[{"name":"wp","href":"https:\/\/api.w.org\/{rel}","templated":true}]}}