{"id":1340,"date":"2014-04-08T05:47:59","date_gmt":"2014-04-08T05:47:59","guid":{"rendered":"https:\/\/codexflores.ch\/index.php\/2014\/04\/08\/sacher-stiftung-uebernimmt-sammlung-younghi-pagh-paan\/"},"modified":"2014-04-08T05:47:59","modified_gmt":"2014-04-08T05:47:59","slug":"sacher-stiftung-uebernimmt-sammlung-younghi-pagh-paan","status":"publish","type":"post","link":"https:\/\/codexflores.ch\/index.php\/2014\/04\/08\/sacher-stiftung-uebernimmt-sammlung-younghi-pagh-paan\/","title":{"rendered":"Sacher Stiftung \u00fcbernimmt Sammlung Younghi Pagh-Paan"},"content":{"rendered":"<p><span style=\"font-family: arial,helvetica,sans-serif;\">08.04.2014 &#8212; Die Basler Paul Sacher Stiftung hat die Musikmanuskripte der Komponistin Younghi Pagh-Paan \u00fcbernommen. Die Sammlung von Skizzen, Entw\u00fcrfen und Reinschriften wird laufend erg\u00e4nzt und steht der Forschung im Archiv <\/span><span style=\"font-family: arial,helvetica,sans-serif;\">der Stiftung am Basler M\u00fcnsterplatz ab sofort zur Verf\u00fcgung.<\/span><\/p>\n<p><strong><span style=\"font-family: arial,helvetica,sans-serif;\">08.04.2014 &#8212; Die Basler Paul Sacher Stiftung hat die Musikmanuskripte der Komponistin Younghi Pagh-Paan \u00fcbernommen. Die Sammlung von Skizzen, Entw\u00fcrfen und Reinschriften wird laufend erg\u00e4nzt und steht der Forschung im Archiv <\/span><span style=\"font-family: arial,helvetica,sans-serif;\">der Stiftung am Basler M\u00fcnsterplatz ab sofort zur Verf\u00fcgung.<\/span><\/strong><\/p>\n<p><span style=\"font-family: arial,helvetica,sans-serif;\">\u00a0<\/span><\/p>\n<p><span style=\"font-family: arial,helvetica,sans-serif;\">Younghi Pagh-Paan wurde 1945 in S\u00fcd-Korea geboren und kam 1974 als Stipendiatin nach Freiburg im Breisgau, wo sie bei Klaus Huber, Brian Ferneyhough und Edith Picht-Axenfeld studierte. Von 1994 bis 2011 war sie Professorin f\u00fcr Komposition an der Hochschule f\u00fcr K\u00fcnste in Bremen.<\/span><\/p>\n<p><span style=\"font-family: arial,helvetica,sans-serif;\">\u00a0<\/span><\/p>\n<p><span style=\"font-family: arial,helvetica,sans-serif;\"> Ihren kompositorischen Durchbruch erzielte Pagh-Paan mit dem Orchesterwerk <em>Sori<\/em>, das 1980 bei den Donaueschinger Musiktagen zur Urauff\u00fchrung kam. Seither sind ihre Werke bei internationalen Festivals zu h\u00f6ren, und sie erh\u00e4lt Kompositionsauftr\u00e4ge von renommierten Institutionen. <\/span><\/p>\n<p><span style=\"font-family: arial,helvetica,sans-serif;\">\u00a0<\/span><\/p>\n<p><span style=\"font-family: arial,helvetica,sans-serif;\">Das Schaffen von Younghi Pagh-Paan zeichnet sich aus durch sozial-politisches Engagement und die Reflexion \u00f6stlicher wie westlicher Philosophien. Die kompromisslos progressive Komponistin integriert auch auf musikalischer Ebene die Tradition und das Denken ihrer ostasiatischen Heimat. <em>(cf)<\/em><br \/><\/span><\/p>\n<p>\u00a0<\/p>\n","protected":false},"excerpt":{"rendered":"<p><span style=\"font-family: arial,helvetica,sans-serif;\">08.04.2014 &#8212; Die Basler Paul Sacher Stiftung hat die Musikmanuskripte der Komponistin Younghi Pagh-Paan \u00fcbernommen. Die Sammlung von Skizzen, Entw\u00fcrfen und Reinschriften wird laufend erg\u00e4nzt und steht der Forschung im Archiv <\/span><span style=\"font-family: arial,helvetica,sans-serif;\">der Stiftung am Basler M\u00fcnsterplatz ab sofort zur Verf\u00fcgung.<\/span><\/p>\n","protected":false},"author":1,"featured_media":0,"comment_status":"open","ping_status":"open","sticky":false,"template":"","format":"standard","meta":{"footnotes":""},"categories":[2],"tags":[],"class_list":["post-1340","post","type-post","status-publish","format-standard","hentry","category-nachrichten","entry"],"_links":{"self":[{"href":"https:\/\/codexflores.ch\/index.php\/wp-json\/wp\/v2\/posts\/1340","targetHints":{"allow":["GET"]}}],"collection":[{"href":"https:\/\/codexflores.ch\/index.php\/wp-json\/wp\/v2\/posts"}],"about":[{"href":"https:\/\/codexflores.ch\/index.php\/wp-json\/wp\/v2\/types\/post"}],"author":[{"embeddable":true,"href":"https:\/\/codexflores.ch\/index.php\/wp-json\/wp\/v2\/users\/1"}],"replies":[{"embeddable":true,"href":"https:\/\/codexflores.ch\/index.php\/wp-json\/wp\/v2\/comments?post=1340"}],"version-history":[{"count":0,"href":"https:\/\/codexflores.ch\/index.php\/wp-json\/wp\/v2\/posts\/1340\/revisions"}],"wp:attachment":[{"href":"https:\/\/codexflores.ch\/index.php\/wp-json\/wp\/v2\/media?parent=1340"}],"wp:term":[{"taxonomy":"category","embeddable":true,"href":"https:\/\/codexflores.ch\/index.php\/wp-json\/wp\/v2\/categories?post=1340"},{"taxonomy":"post_tag","embeddable":true,"href":"https:\/\/codexflores.ch\/index.php\/wp-json\/wp\/v2\/tags?post=1340"}],"curies":[{"name":"wp","href":"https:\/\/api.w.org\/{rel}","templated":true}]}}