{"id":1342,"date":"2014-04-08T06:29:26","date_gmt":"2014-04-08T06:29:26","guid":{"rendered":"https:\/\/codexflores.ch\/index.php\/2014\/04\/08\/kulturstiftung-dortmund-ehrt-edita-gruberova\/"},"modified":"2014-04-08T06:29:26","modified_gmt":"2014-04-08T06:29:26","slug":"kulturstiftung-dortmund-ehrt-edita-gruberova","status":"publish","type":"post","link":"https:\/\/codexflores.ch\/index.php\/2014\/04\/08\/kulturstiftung-dortmund-ehrt-edita-gruberova\/","title":{"rendered":"Kulturstiftung Dortmund ehrt Edita Gruberova"},"content":{"rendered":"<p><span style=\"font-family: arial,helvetica,sans-serif; font-size: small;\">08.04.2014 &#8212; Die Sopranistin Edita Gruberova erh\u00e4lt den diesj\u00e4hrigen Preis der Kulturstiftung Dortmund f\u00fcr Musik. Die Stiftung ehrt damit \u00abdas \u00fcberragende Lebenswerk der slowakischen K\u00fcnstlerin, die als eine der bedeutendsten S\u00e4ngerinnen unserer Zeit gilt\u00bb.<\/span><\/p>\n<p><span style=\"font-family: arial,helvetica,sans-serif; font-size: small;\"><strong>08.04.2014 &#8212; Die Sopranistin Edita Gruberova erh\u00e4lt den diesj\u00e4hrigen Preis der Kulturstiftung Dortmund f\u00fcr Musik. Die Stiftung ehrt damit \u00abdas \u00fcberragende Lebenswerk der slowakischen K\u00fcnstlerin, die als eine der bedeutendsten S\u00e4ngerinnen unserer Zeit gilt\u00bb.<\/strong><\/span><\/p>\n<p><span style=\"font-family: arial,helvetica,sans-serif; font-size: small;\">\u00a0<\/span><\/p>\n<p><span style=\"font-family: arial,helvetica,sans-serif; font-size: small;\">Der mit 25&#8217;000 Euro dotierte Preis wird am 5. Dezember 2014 im Rahmen eines festlichen Gala-Konzerts im Konzerthaus Dortmund verliehen. Die Kulturstiftung Dortmund vergibt ihren Preis alle zwei Jahre alternierend f\u00fcr Musik und Bildende Kunst. Die letzte Preistr\u00e4gerin f\u00fcr Musik war 2010 die Geigerin Anne Sophie Mutter. <\/span><\/p>\n<p><span style=\"font-family: arial,helvetica,sans-serif; font-size: small;\">\u00a0<\/span><\/p>\n<p><span style=\"font-family: arial,helvetica,sans-serif; font-size: small;\">Die Jury des Preises besteht aus Andreas M\u00f6lich-Zebhauser (Intendant Festspielhaus Baden-Baden), Franz Willnauer (ehemaliges Direktoriumsmitglied der Salzburger Festspiele und fr\u00fcherer Intendant des Beethoven-Festes Bonn), J\u00fcrgen Kesting (Feuilletonist), .Hans-Dieter Michalski (Vorsitzender der Kulturstiftung) sowie Harald Heinze (Mitglied des Kuratoriums). <em>(cf)\u00a0<\/em> <\/span><\/p>\n","protected":false},"excerpt":{"rendered":"<p><span style=\"font-family: arial,helvetica,sans-serif; font-size: small;\">08.04.2014 &#8212; Die Sopranistin Edita Gruberova erh\u00e4lt den diesj\u00e4hrigen Preis der Kulturstiftung Dortmund f\u00fcr Musik. Die Stiftung ehrt damit \u00abdas \u00fcberragende Lebenswerk der slowakischen K\u00fcnstlerin, die als eine der bedeutendsten S\u00e4ngerinnen unserer Zeit gilt\u00bb.<\/span><\/p>\n","protected":false},"author":1,"featured_media":0,"comment_status":"open","ping_status":"open","sticky":false,"template":"","format":"standard","meta":{"footnotes":""},"categories":[2],"tags":[],"class_list":["post-1342","post","type-post","status-publish","format-standard","hentry","category-nachrichten","entry"],"_links":{"self":[{"href":"https:\/\/codexflores.ch\/index.php\/wp-json\/wp\/v2\/posts\/1342","targetHints":{"allow":["GET"]}}],"collection":[{"href":"https:\/\/codexflores.ch\/index.php\/wp-json\/wp\/v2\/posts"}],"about":[{"href":"https:\/\/codexflores.ch\/index.php\/wp-json\/wp\/v2\/types\/post"}],"author":[{"embeddable":true,"href":"https:\/\/codexflores.ch\/index.php\/wp-json\/wp\/v2\/users\/1"}],"replies":[{"embeddable":true,"href":"https:\/\/codexflores.ch\/index.php\/wp-json\/wp\/v2\/comments?post=1342"}],"version-history":[{"count":0,"href":"https:\/\/codexflores.ch\/index.php\/wp-json\/wp\/v2\/posts\/1342\/revisions"}],"wp:attachment":[{"href":"https:\/\/codexflores.ch\/index.php\/wp-json\/wp\/v2\/media?parent=1342"}],"wp:term":[{"taxonomy":"category","embeddable":true,"href":"https:\/\/codexflores.ch\/index.php\/wp-json\/wp\/v2\/categories?post=1342"},{"taxonomy":"post_tag","embeddable":true,"href":"https:\/\/codexflores.ch\/index.php\/wp-json\/wp\/v2\/tags?post=1342"}],"curies":[{"name":"wp","href":"https:\/\/api.w.org\/{rel}","templated":true}]}}