{"id":1343,"date":"2014-04-08T10:22:05","date_gmt":"2014-04-08T10:22:05","guid":{"rendered":"https:\/\/codexflores.ch\/index.php\/2014\/04\/08\/musikforum-heft-1-januar-maerz-2014\/"},"modified":"2014-04-08T10:22:05","modified_gmt":"2014-04-08T10:22:05","slug":"musikforum-heft-1-januar-maerz-2014","status":"publish","type":"post","link":"https:\/\/codexflores.ch\/index.php\/2014\/04\/08\/musikforum-heft-1-januar-maerz-2014\/","title":{"rendered":"Musikforum Heft 1 (Januar\u2013M\u00e4rz 2014)"},"content":{"rendered":"<p><img decoding=\"async\" src=\"images\/zeitschriften_covers\/musfor114.jpg\" border=\"0\" style=\"float: left; margin: 8px;\" \/><span style=\"font-family: arial,helvetica,sans-serif; font-size: small;\">Musikleben im Diskurs <\/span><\/p>\n<p><span style=\"font-family: arial,helvetica,sans-serif; font-size: small;\"> Herausgegeben von Schott Music, Mainz<\/span><\/p>\n<p><span style=\"font-family: arial,helvetica,sans-serif; font-size: small;\"> <strong>Im Fokus: Musikhochschulen in Deutschland. Kopf oder Zahl? <\/strong><\/span><\/p>\n<p><span style=\"font-family: arial,helvetica,sans-serif; font-size: small;\"> Martin Ullrich:<\/span><br \/><span style=\"font-family: arial,helvetica,sans-serif; font-size: small;\"> Wie viel Musikhochschule braucht unser Land? Zur aktuellen Situation von Musikhochschulen in Deutschland <\/span><\/p>\n<p><span style=\"font-family: arial,helvetica,sans-serif; font-size: small;\"> Friedrich Uecker: <\/span><br \/><span style=\"font-family: arial,helvetica,sans-serif; font-size: small;\"> Hochschulinfarkt. Merkw\u00fcrdigkeiten der Musikhochschulen. Oder: Baden-W\u00fcrttemberg ist \u00fcberall <\/span><\/p>\n<p><span style=\"font-family: arial,helvetica,sans-serif; font-size: small;\"> Michael Huber: <\/span><br \/><span style=\"font-family: arial,helvetica,sans-serif; font-size: small;\"> Musik studieren auf der \u00abInsel der Seligen\u00bb? \u00dcber kulturelle Vielfalt an der Universit\u00e4t f\u00fcr Musik und darstellende Kunst Wien <\/span><\/p>\n<p><span style=\"font-family: arial,helvetica,sans-serif; font-size: small;\"> Hans B\u00e4\u00dfler: <\/span><br \/><span style=\"font-family: arial,helvetica,sans-serif; font-size: small;\"> Musikalische Eliten in der Schule f\u00f6rdern? Eine polemische Betrachtung <\/span><\/p>\n<p><span style=\"font-family: arial,helvetica,sans-serif; font-size: small;\"> Kai Marius Schabram: <\/span><br \/><span style=\"font-family: arial,helvetica,sans-serif; font-size: small;\"> Musik im Alter. Zur Rolle und Funktion von Musikhochschulen im Netzwerk institutioneller Altenbildung <\/span><\/p>\n<p><span style=\"font-family: arial,helvetica,sans-serif; font-size: small;\"> Joachim Held: <\/span><br \/><span style=\"font-family: arial,helvetica,sans-serif; font-size: small;\"> Das Seltene bewahren. Orchideenf\u00e4cher an deutschen Musikhochschulen <\/span><\/p>\n<p><span style=\"font-family: arial,helvetica,sans-serif; font-size: small;\"> Arvid Ong: <\/span><br \/><span style=\"font-family: arial,helvetica,sans-serif; font-size: small;\"> Im perspektivischen Niemandsland. Zur Situation von Lehrbeauftragten an deutschen Musikhochschulen <\/span><\/p>\n<p><span style=\"font-family: arial,helvetica,sans-serif; font-size: small;\"> Tonius Timmermann \/ Hans Ulrich Schmidt: <\/span><br \/><span style=\"font-family: arial,helvetica,sans-serif; font-size: small;\"> Musik und Gesundheitsberufe. Zur musiktherapeutischen Ausbildung in Deutschland <\/span><\/p>\n<p><span style=\"font-family: arial,helvetica,sans-serif; font-size: small;\"> <strong>Pro und Contra<\/strong><\/span><\/p>\n<p><span style=\"font-family: arial,helvetica,sans-serif; font-size: small;\"> Robert Ehrlich und Tiago de Oliveira Pinto :<\/span><br \/><span style=\"font-family: arial,helvetica,sans-serif; font-size: small;\"> Studiengeb\u00fchren f\u00fcr Nicht-EU-Ausl\u00e4nder? <\/span><\/p>\n<p><span style=\"font-family: arial,helvetica,sans-serif; font-size: small;\"> <strong>Akzent<\/strong><\/span><\/p>\n<p><span style=\"font-family: arial,helvetica,sans-serif; font-size: small;\"> Marco Lauber:<\/span><br \/><span style=\"font-family: arial,helvetica,sans-serif; font-size: small;\"> Sprechgesang und Spr\u00fchdose. Graffiti und Rap als Instrumente kultureller Bildung <\/span><\/p>\n<p><span style=\"font-family: arial,helvetica,sans-serif; font-size: small;\"> Hans Friesen:<\/span><br \/><span style=\"font-family: arial,helvetica,sans-serif; font-size: small;\"> Ist Kunst Freiheit? Zum Verh\u00e4ltnis von k\u00fcnstlerischer Autonomie, Markr und Kunstwerk<\/span><\/p>\n<p><span style=\"font-family: arial,helvetica,sans-serif; font-size: small;\"> <strong>Neue T\u00f6ne<\/strong><\/span><\/p>\n<p><span style=\"font-family: arial,helvetica,sans-serif; font-size: small;\"> Florian K\u00e4ppler:<\/span><br \/><span style=\"font-family: arial,helvetica,sans-serif; font-size: small;\"> Tradition braucht Innovation. \u00dcber Chancen und Verantwortung der Musikhochschulen in der Mediengesellschaft <\/span><\/p>\n<p><span style=\"font-family: arial,helvetica,sans-serif; font-size: small;\"> Michael Jenne:<\/span><br \/><span style=\"font-family: arial,helvetica,sans-serif; font-size: small;\"> Das Paradies ist \u00fcberall. Zum 6. IMPULS-Festival in Sachsen-Anhalt <\/span><\/p>\n<p><span style=\"font-family: arial,helvetica,sans-serif; font-size: small;\"> <strong>Musik und Politik<\/strong><\/span><\/p>\n<p><span style=\"font-family: arial,helvetica,sans-serif; font-size: small;\"> Christian H\u00f6ppner: <\/span><br \/><span style=\"font-family: arial,helvetica,sans-serif; font-size: small;\"> Die Bef\u00e4higung, Antagonismen zu \u00fcberwinden. Gespr\u00e4ch mit Udo Dahmen, Popakademie Baden-W\u00fcrttemberg <\/span><\/p>\n<p><span style=\"font-family: arial,helvetica,sans-serif; font-size: small;\"> Christian H\u00f6ppner: <\/span><br \/><span style=\"font-family: arial,helvetica,sans-serif; font-size: small;\"> Die Position Deutschlands in der Welt st\u00e4rken. Gespr\u00e4ch mit Peter Limbourg, Intendant der Deutschen Welle <\/span><\/p>\n<p><span style=\"font-family: arial,helvetica,sans-serif; font-size: small;\"> <strong>Kolumne <\/strong><\/span><\/p>\n<p><span style=\"font-family: arial,helvetica,sans-serif; font-size: small;\"> Udo Dahmen: <\/span><br \/><span style=\"font-family: arial,helvetica,sans-serif; font-size: small;\"> Erkl\u00e4r mir Pop. Kraftwerks \u00abAutobahn\u00bb <\/span><\/p>\n<p><span style=\"font-family: arial,helvetica,sans-serif; font-size: small;\"> <strong>Report <\/strong><\/span><\/p>\n<p><span style=\"font-family: arial,helvetica,sans-serif; font-size: small;\"> Magnus Hecht: <\/span><br \/><span style=\"font-family: arial,helvetica,sans-serif; font-size: small;\"> Orte der Musik. Spielst\u00e4tten in Deutschland \u2013 ihre Bedeutung, Situation und Perspektiven <\/span><\/p>\n<p><span style=\"font-family: arial,helvetica,sans-serif; font-size: small;\"> <strong>Wirtschaft | Recht <\/strong><\/span><\/p>\n<p><span style=\"font-family: arial,helvetica,sans-serif; font-size: small;\"> Joachim Stock: <\/span><br \/><span style=\"font-family: arial,helvetica,sans-serif; font-size: small;\"> Musikmessen im digitalen Zeitalter. Sind Musikmessen noch zeitgem\u00e4\u00df? <\/span><\/p>\n<p><span style=\"font-family: arial,helvetica,sans-serif; font-size: small;\"> <strong>Im Weiteren<\/strong><\/span><\/p>\n<p><span style=\"font-family: arial,helvetica,sans-serif; font-size: small;\"> Nachrichten<\/span><br \/><span style=\"font-family: arial,helvetica,sans-serif; font-size: small;\"> DMR-Informationen: Projekte, Verb\u00e4nde <\/span><br \/><span style=\"font-family: arial,helvetica,sans-serif; font-size: small;\"> Rezensionen<\/span><\/p>\n","protected":false},"excerpt":{"rendered":"<p>Musikleben im Diskurs Herausgegeben von Schott Music, Mainz Im Fokus: Musikhochschulen in Deutschland. Kopf oder Zahl? Martin Ullrich: Wie viel&#8230;<\/p>\n","protected":false},"author":1,"featured_media":0,"comment_status":"open","ping_status":"open","sticky":false,"template":"","format":"standard","meta":{"footnotes":""},"categories":[10],"tags":[],"class_list":["post-1343","post","type-post","status-publish","format-standard","hentry","category-fachzeitschriften","entry"],"_links":{"self":[{"href":"https:\/\/codexflores.ch\/index.php\/wp-json\/wp\/v2\/posts\/1343","targetHints":{"allow":["GET"]}}],"collection":[{"href":"https:\/\/codexflores.ch\/index.php\/wp-json\/wp\/v2\/posts"}],"about":[{"href":"https:\/\/codexflores.ch\/index.php\/wp-json\/wp\/v2\/types\/post"}],"author":[{"embeddable":true,"href":"https:\/\/codexflores.ch\/index.php\/wp-json\/wp\/v2\/users\/1"}],"replies":[{"embeddable":true,"href":"https:\/\/codexflores.ch\/index.php\/wp-json\/wp\/v2\/comments?post=1343"}],"version-history":[{"count":0,"href":"https:\/\/codexflores.ch\/index.php\/wp-json\/wp\/v2\/posts\/1343\/revisions"}],"wp:attachment":[{"href":"https:\/\/codexflores.ch\/index.php\/wp-json\/wp\/v2\/media?parent=1343"}],"wp:term":[{"taxonomy":"category","embeddable":true,"href":"https:\/\/codexflores.ch\/index.php\/wp-json\/wp\/v2\/categories?post=1343"},{"taxonomy":"post_tag","embeddable":true,"href":"https:\/\/codexflores.ch\/index.php\/wp-json\/wp\/v2\/tags?post=1343"}],"curies":[{"name":"wp","href":"https:\/\/api.w.org\/{rel}","templated":true}]}}