{"id":1356,"date":"2014-04-14T06:07:54","date_gmt":"2014-04-14T06:07:54","guid":{"rendered":"https:\/\/codexflores.ch\/index.php\/2014\/04\/14\/wiener-philharmoniker-restituieren-signac-gemaelde\/"},"modified":"2014-04-14T06:07:54","modified_gmt":"2014-04-14T06:07:54","slug":"wiener-philharmoniker-restituieren-signac-gemaelde","status":"publish","type":"post","link":"https:\/\/codexflores.ch\/index.php\/2014\/04\/14\/wiener-philharmoniker-restituieren-signac-gemaelde\/","title":{"rendered":"Wiener Philharmoniker restituieren Signac-Gem\u00e4lde"},"content":{"rendered":"<p><span style=\"font-family: arial,helvetica,sans-serif; font-size: small;\">14.04.2014 &#8212; Die Wiener Philharmoniker werden ein Bild an die Erben des rechtm\u00e4ssigen Besitzers restituieren.\u00a0Das Gem\u00e4lde, eine fr\u00fche Arbeit des Malers Paul Signac (1863-1935), geht an die Erben des franz\u00f6sischen Staatsb\u00fcrgers Marcel Koch zur\u00fcck.<\/span><\/p>\n<p><strong><span style=\"font-family: arial,helvetica,sans-serif; font-size: small;\">14.04.2014 &#8212; Die Wiener Philharmoniker werden ein Bild an die Erben des rechtm\u00e4ssigen Besitzers restituieren.\u00a0Das Gem\u00e4lde, eine fr\u00fche Arbeit des Malers Paul Signac (1863-1935), geht an die Erben des franz\u00f6sischen Staatsb\u00fcrgers Marcel Koch zur\u00fcck.<\/span><\/strong><\/p>\n<p><span style=\"font-family: arial,helvetica,sans-serif; font-size: small;\">\u00a0<\/span><\/p>\n<p><span style=\"font-family: arial,helvetica,sans-serif; font-size: small;\">Das Gem\u00e4lde wurde 1940 im Departement Jura von der Geheimen Feldpolizei enteignet. Die Philharmoniker, die damals drei Konzerte in Salin-les-Bains, Besan\u00e7on und Dijon spielten, erhielten das gestohlene Bild als Geschenk des aus Wien stammenden Direktors der Geheimen Feldpolizei, Roman Loos. <\/span><\/p>\n<p><span style=\"font-family: arial,helvetica,sans-serif; font-size: small;\">\u00a0<\/span><\/p>\n<p><span style=\"font-family: arial,helvetica,sans-serif; font-size: small;\"><span style=\"font-family: arial,helvetica,sans-serif; font-size: small;\">Aufgrund von Recherchen im Auftrag der Wiener Philharmoniker konnte die \u00a0Kunsthistorikerin Sophie Lillie die Provenienz des Bildes kl\u00e4ren. Marcel Koch gr\u00fcndete 1945 die Documentation Fran\u00e7aise und stand dieser Institution bis 1969 als Direktor vor. <em>(cf) <\/em><\/span><\/span><\/p>\n<p>\u00a0<\/p>\n","protected":false},"excerpt":{"rendered":"<p><span style=\"font-family: arial,helvetica,sans-serif; font-size: small;\">14.04.2014 &#8212; Die Wiener Philharmoniker werden ein Bild an die Erben des rechtm\u00e4ssigen Besitzers restituieren.\u00a0Das Gem\u00e4lde, eine fr\u00fche Arbeit des Malers Paul Signac (1863-1935), geht an die Erben des franz\u00f6sischen Staatsb\u00fcrgers Marcel Koch zur\u00fcck.<\/span><\/p>\n","protected":false},"author":1,"featured_media":0,"comment_status":"open","ping_status":"open","sticky":false,"template":"","format":"standard","meta":{"footnotes":""},"categories":[2],"tags":[],"class_list":["post-1356","post","type-post","status-publish","format-standard","hentry","category-nachrichten","entry"],"_links":{"self":[{"href":"https:\/\/codexflores.ch\/index.php\/wp-json\/wp\/v2\/posts\/1356","targetHints":{"allow":["GET"]}}],"collection":[{"href":"https:\/\/codexflores.ch\/index.php\/wp-json\/wp\/v2\/posts"}],"about":[{"href":"https:\/\/codexflores.ch\/index.php\/wp-json\/wp\/v2\/types\/post"}],"author":[{"embeddable":true,"href":"https:\/\/codexflores.ch\/index.php\/wp-json\/wp\/v2\/users\/1"}],"replies":[{"embeddable":true,"href":"https:\/\/codexflores.ch\/index.php\/wp-json\/wp\/v2\/comments?post=1356"}],"version-history":[{"count":0,"href":"https:\/\/codexflores.ch\/index.php\/wp-json\/wp\/v2\/posts\/1356\/revisions"}],"wp:attachment":[{"href":"https:\/\/codexflores.ch\/index.php\/wp-json\/wp\/v2\/media?parent=1356"}],"wp:term":[{"taxonomy":"category","embeddable":true,"href":"https:\/\/codexflores.ch\/index.php\/wp-json\/wp\/v2\/categories?post=1356"},{"taxonomy":"post_tag","embeddable":true,"href":"https:\/\/codexflores.ch\/index.php\/wp-json\/wp\/v2\/tags?post=1356"}],"curies":[{"name":"wp","href":"https:\/\/api.w.org\/{rel}","templated":true}]}}