{"id":1358,"date":"2014-04-14T08:32:07","date_gmt":"2014-04-14T08:32:07","guid":{"rendered":"https:\/\/codexflores.ch\/index.php\/2014\/04\/14\/neue-zeitschrift-fuer-musik-heft-2-2014\/"},"modified":"2014-04-14T08:32:07","modified_gmt":"2014-04-14T08:32:07","slug":"neue-zeitschrift-fuer-musik-heft-2-2014","status":"publish","type":"post","link":"https:\/\/codexflores.ch\/index.php\/2014\/04\/14\/neue-zeitschrift-fuer-musik-heft-2-2014\/","title":{"rendered":"Neue Zeitschrift f\u00fcr Musik  Heft # 2_2014"},"content":{"rendered":"<p><span style=\"font-family: arial,helvetica,sans-serif; font-size: small;\"><img decoding=\"async\" src=\"images\/zeitschriften_covers\/nzfm214.jpg\" border=\"0\" alt=\"Cover Zeitschrift\" style=\"float: left; margin: 8px;\" \/>Herausgegeben von Schott Music, Mainz<\/span><\/p>\n<p><span style=\"font-family: arial,helvetica,sans-serif; font-size: small;\"> <strong>Thema: Elektroakustische Musik <\/strong><\/span><\/p>\n<p><span style=\"font-family: arial,helvetica,sans-serif; font-size: small;\"> <strong>Stefan Drees <\/strong><\/span><br \/><span style=\"font-family: arial,helvetica,sans-serif; font-size: small;\"> Dokumentation \u2013 Labor \u2013 Verzauberung. Punktuelle Beobachtungen zur Geschichte des elektroakustischen Komponierens <\/span><\/p>\n<p><span style=\"font-family: arial,helvetica,sans-serif; font-size: small;\"> <strong>Konrad Boehmer <\/strong><\/span><br \/><span style=\"font-family: arial,helvetica,sans-serif; font-size: small;\"> Elektrischer Klang \u2013 wohin? Jeder Versuch, der elektrischen Musik \u00e4sthetisch n\u00e4herzukommen, endet damit, der technischen Innovation hinterherzuhecheln <\/span><\/p>\n<p><span style=\"font-family: arial,helvetica,sans-serif; font-size: small;\"> <strong>Wolf Loeckle <\/strong><\/span><br \/><span style=\"font-family: arial,helvetica,sans-serif; font-size: small;\"> \u00abWas gibt\u2019s Neues?\u00bb Josef Anton Riedl, das Elektronische Siemes-Studio, die Natur <\/span><\/p>\n<p><span style=\"font-family: arial,helvetica,sans-serif; font-size: small;\"> <strong>Johannes Ullmaier <\/strong><\/span><br \/><span style=\"font-family: arial,helvetica,sans-serif; font-size: small;\"> Consider the Electron. Erstmals \u00e4u\u00dfern sich Betroffene zum Begriffswandel der \u00abElektronischen Musik\u00bb <\/span><\/p>\n<p><span style=\"font-family: arial,helvetica,sans-serif; font-size: small;\"> <strong>Gerardo Scheige <\/strong><\/span><br \/><span style=\"font-family: arial,helvetica,sans-serif; font-size: small;\"> Durch den Vorhang h\u00f6ren. Fran\u00e7ois Bayles akusmatische Musik <\/span><\/p>\n<p><span style=\"font-family: arial,helvetica,sans-serif; font-size: small;\"> <strong>Christoph Wagner <\/strong><\/span><br \/><span style=\"font-family: arial,helvetica,sans-serif; font-size: small;\"> Pop musique concr\u00e8te. Das Modified Toy Orchestra macht Musik mit elektronischem Spielzeug aus der Wegwerftonne und setzt sich nebenbei mit Karlheinz Stockhausen auseinander <\/span><\/p>\n<p><span style=\"font-family: arial,helvetica,sans-serif; font-size: small;\"> <strong>Nina Polaschegg <\/strong><\/span><br \/><span style=\"font-family: arial,helvetica,sans-serif; font-size: small;\"> Die Luft in den Sounds bewahren. Laptop-Pionier Christof Kurzmann antwortet auf Fragen, die ihm vor zehn Jahren schon einmal gestellt wurden \u2013 diesmal mit anderem Ausgang? <\/span><\/p>\n<p><span style=\"font-family: arial,helvetica,sans-serif; font-size: small;\"> <strong>Leopoldo Siano <\/strong><\/span><br \/><span style=\"font-family: arial,helvetica,sans-serif; font-size: small;\"> \u00abNie zuvor haben Menschen so viel \u2019gesehen\u2019\u2026\u00bb Elektroakustische Musik als eine erste wahrhaft surrealistische Musik <\/span><\/p>\n<p><span style=\"font-family: arial,helvetica,sans-serif; font-size: small;\"> <strong>Im Weiteren: <\/strong><\/span><\/p>\n<p><span style=\"font-family: arial,helvetica,sans-serif; font-size: small;\"> <strong>Dietrich Hei\u00dfenb\u00fcttel<\/strong><\/span><br \/><span style=\"font-family: arial,helvetica,sans-serif; font-size: small;\"> Das Potenzial im Land verf\u00fcgbar machen. Christine Fischer und Bj\u00f6rn Gottstein f\u00fcrhren die Tradition des Stuttgarter Festivals ECLAT fort und suchen zugleich den k\u00fcnstlerischen Neuanfang <\/span><\/p>\n<p><span style=\"font-family: arial,helvetica,sans-serif; font-size: small;\"> <strong>Johannes Zink <\/strong><\/span><br \/><span style=\"font-family: arial,helvetica,sans-serif; font-size: small;\"> Im Dickicht der Klangkorridore. J\u00f6rg Widmanns \u00abDrittes Labyrinth\u00bb f\u00fcr Sopran und Orchestergruppen <\/span><\/p>\n<p><span style=\"font-family: arial,helvetica,sans-serif; font-size: small;\"> <strong>Raphael Smarzoch <\/strong><\/span><br \/><span style=\"font-family: arial,helvetica,sans-serif; font-size: small;\"> Zwischen Noise und Nationalromantik. Sounds aus dem polnischen Underground <\/span><\/p>\n<p><span style=\"font-family: arial,helvetica,sans-serif; font-size: small;\"> <strong>Egbert Hiller <\/strong><\/span><br \/><span style=\"font-family: arial,helvetica,sans-serif; font-size: small;\"> Konkurrenz im eigenen Haus. Die Internationale Ensemble Modern Akademie (IEMA) in Frankfurt <\/span><\/p>\n<p><span style=\"font-family: arial,helvetica,sans-serif; font-size: small;\"> <strong> Maria Kostakeva <\/strong><\/span><br \/><span style=\"font-family: arial,helvetica,sans-serif; font-size: small;\"> Ikone und Monster. Eine neue Publikation der Paul Sacher Stiftung gewinnt Strawinskys \u00abSacre\u00bb hundert Jahre nach dessen Entstehung originelle Einsichten ab <\/span><\/p>\n<p><span style=\"font-family: arial,helvetica,sans-serif; font-size: small;\"> <strong> Dietrich Hei\u00dfenb\u00fcttel <\/strong><\/span><br \/><span style=\"font-family: arial,helvetica,sans-serif; font-size: small;\"> Die \u00dcberwindung von Sprachbarrieren. Marcelo Cardoso Gamas Inszenierung von Kagels Liederzyklus \u00abDer Turmbau zu Babel\u00bb <\/span><\/p>\n<p><span style=\"font-family: arial,helvetica,sans-serif; font-size: small;\"> <strong>Christian Sch\u00fctte <\/strong><\/span><br \/><span style=\"font-family: arial,helvetica,sans-serif; font-size: small;\"> Nicht so harmlos wie es scheint. Eine Begegnung mit Kurt Schwertsik <\/span><\/p>\n<p><span style=\"font-family: arial,helvetica,sans-serif; font-size: small;\"> <strong>Thomas Meyer <\/strong><\/span><br \/><span style=\"font-family: arial,helvetica,sans-serif; font-size: small;\"> Vom Korn des Klangs. Die Musik des Saturisten Rapha\u00ebl Cendo <\/span><\/p>\n<p><span style=\"font-family: arial,helvetica,sans-serif; font-size: small;\"> Notizen, Berichte<\/span><br \/><span style=\"font-family: arial,helvetica,sans-serif; font-size: small;\"> Feedback<\/span><br \/><span style=\"font-family: arial,helvetica,sans-serif; font-size: small;\"> Rezensionen<\/span><br \/><span style=\"font-family: arial,helvetica,sans-serif; font-size: small;\"> Urauff\u00fchrungen<\/span><br \/><span style=\"font-family: arial,helvetica,sans-serif; font-size: small;\"> Bilder + T\u00f6ne <\/span><\/p>\n","protected":false},"excerpt":{"rendered":"<p>Herausgegeben von Schott Music, Mainz Thema: Elektroakustische Musik Stefan Drees Dokumentation \u2013 Labor \u2013 Verzauberung. Punktuelle Beobachtungen zur Geschichte des&#8230;<\/p>\n","protected":false},"author":1,"featured_media":0,"comment_status":"open","ping_status":"open","sticky":false,"template":"","format":"standard","meta":{"footnotes":""},"categories":[10],"tags":[],"class_list":["post-1358","post","type-post","status-publish","format-standard","hentry","category-fachzeitschriften","entry"],"_links":{"self":[{"href":"https:\/\/codexflores.ch\/index.php\/wp-json\/wp\/v2\/posts\/1358","targetHints":{"allow":["GET"]}}],"collection":[{"href":"https:\/\/codexflores.ch\/index.php\/wp-json\/wp\/v2\/posts"}],"about":[{"href":"https:\/\/codexflores.ch\/index.php\/wp-json\/wp\/v2\/types\/post"}],"author":[{"embeddable":true,"href":"https:\/\/codexflores.ch\/index.php\/wp-json\/wp\/v2\/users\/1"}],"replies":[{"embeddable":true,"href":"https:\/\/codexflores.ch\/index.php\/wp-json\/wp\/v2\/comments?post=1358"}],"version-history":[{"count":0,"href":"https:\/\/codexflores.ch\/index.php\/wp-json\/wp\/v2\/posts\/1358\/revisions"}],"wp:attachment":[{"href":"https:\/\/codexflores.ch\/index.php\/wp-json\/wp\/v2\/media?parent=1358"}],"wp:term":[{"taxonomy":"category","embeddable":true,"href":"https:\/\/codexflores.ch\/index.php\/wp-json\/wp\/v2\/categories?post=1358"},{"taxonomy":"post_tag","embeddable":true,"href":"https:\/\/codexflores.ch\/index.php\/wp-json\/wp\/v2\/tags?post=1358"}],"curies":[{"name":"wp","href":"https:\/\/api.w.org\/{rel}","templated":true}]}}