{"id":1359,"date":"2014-04-15T05:44:11","date_gmt":"2014-04-15T05:44:11","guid":{"rendered":"https:\/\/codexflores.ch\/index.php\/2014\/04\/15\/lanceron-leitet-warner-classics-erato\/"},"modified":"2014-04-15T05:44:11","modified_gmt":"2014-04-15T05:44:11","slug":"lanceron-leitet-warner-classics-erato","status":"publish","type":"post","link":"https:\/\/codexflores.ch\/index.php\/2014\/04\/15\/lanceron-leitet-warner-classics-erato\/","title":{"rendered":"Lanceron leitet Warner Classics &#038; Erato"},"content":{"rendered":"<p><span style=\"font-family: arial,helvetica,sans-serif; font-size: small;\">15.04.2014 &#8211;Die neue Klassiksparte von Warner Classics und Erato bekommt personelles Profil: President der k\u00fcrzlich neu geschaffenen Sparte ist <span style=\"font-family: arial,helvetica,sans-serif; font-size: small;\">Alain Lanceron. Er \u00fcbernimmt v<\/span>on Paris aus die kreative Leitung von Warner Classics &amp; Erato und beaufsichtigt A&amp;R, Marketing und den Katalog.<\/span><\/p>\n<p><strong><span style=\"font-family: arial,helvetica,sans-serif; font-size: small;\"><span style=\"font-family: arial,helvetica,sans-serif; font-size: small;\">15.04.2014 &#8211;Die neue Klassiksparte von Warner Classics und Erato bekommt personelles Profil: President der k\u00fcrzlich neu geschaffenen Sparte ist <span style=\"font-family: arial,helvetica,sans-serif; font-size: small;\">Alain Lanceron. Er \u00fcbernimmt v<\/span>on Paris aus die kreative Leitung von Warner Classics &amp; Erato und beaufsichtigt A&amp;R, Marketing und den Katalog.<\/span><\/span><\/strong><\/p>\n<p><span style=\"font-family: arial,helvetica,sans-serif; font-size: small;\">\u00a0<\/span><\/p>\n<p><span style=\"font-family: arial,helvetica,sans-serif; font-size: small;\">Lanceron war zuvor President Virgin Classics und Director EMI Classics France. Er berichtet an Stu Bergen, President, International, Warner Recorded Music. Jean-Philippe Rolland \u00fcbernimmt die Funktion des Executive Vice President, International A&amp;R and Business Development und wird das Signing und die F\u00f6rderung internationaler K\u00fcnstler verantworten. <\/span><\/p>\n<p><span style=\"font-family: arial,helvetica,sans-serif; font-size: small;\">\u00a0<\/span><\/p>\n<p><span style=\"font-family: arial,helvetica,sans-serif; font-size: small;\">Markus Petersen, Senior Vice President, Global Marketing and Operations, zeichnet verantwortlich f\u00fcr den Aufbau einer globalen Infrastruktur und die internationalen Marketingkampagnen. Bertrand Castellani, Vice President, International Catalogue, \u00fcbernimmt die Verantwortung \u00fcber den Katalog von Warner Classics, der die Best\u00e4nde von EMI Classics, Virgin Classics, Teldec and Erato enth\u00e4lt. <em>(cf) \u00a0<\/em><\/span><\/p>\n","protected":false},"excerpt":{"rendered":"<p><span style=\"font-family: arial,helvetica,sans-serif; font-size: small;\">15.04.2014 &#8211;Die neue Klassiksparte von Warner Classics und Erato bekommt personelles Profil: President der k\u00fcrzlich neu geschaffenen Sparte ist <span style=\"font-family: arial,helvetica,sans-serif; font-size: small;\">Alain Lanceron. Er \u00fcbernimmt v<\/span>on Paris aus die kreative Leitung von Warner Classics &amp; Erato und beaufsichtigt A&amp;R, Marketing und den Katalog.<\/span><\/p>\n","protected":false},"author":1,"featured_media":0,"comment_status":"open","ping_status":"open","sticky":false,"template":"","format":"standard","meta":{"footnotes":""},"categories":[2],"tags":[],"class_list":["post-1359","post","type-post","status-publish","format-standard","hentry","category-nachrichten","entry"],"_links":{"self":[{"href":"https:\/\/codexflores.ch\/index.php\/wp-json\/wp\/v2\/posts\/1359","targetHints":{"allow":["GET"]}}],"collection":[{"href":"https:\/\/codexflores.ch\/index.php\/wp-json\/wp\/v2\/posts"}],"about":[{"href":"https:\/\/codexflores.ch\/index.php\/wp-json\/wp\/v2\/types\/post"}],"author":[{"embeddable":true,"href":"https:\/\/codexflores.ch\/index.php\/wp-json\/wp\/v2\/users\/1"}],"replies":[{"embeddable":true,"href":"https:\/\/codexflores.ch\/index.php\/wp-json\/wp\/v2\/comments?post=1359"}],"version-history":[{"count":0,"href":"https:\/\/codexflores.ch\/index.php\/wp-json\/wp\/v2\/posts\/1359\/revisions"}],"wp:attachment":[{"href":"https:\/\/codexflores.ch\/index.php\/wp-json\/wp\/v2\/media?parent=1359"}],"wp:term":[{"taxonomy":"category","embeddable":true,"href":"https:\/\/codexflores.ch\/index.php\/wp-json\/wp\/v2\/categories?post=1359"},{"taxonomy":"post_tag","embeddable":true,"href":"https:\/\/codexflores.ch\/index.php\/wp-json\/wp\/v2\/tags?post=1359"}],"curies":[{"name":"wp","href":"https:\/\/api.w.org\/{rel}","templated":true}]}}