{"id":1362,"date":"2014-04-15T08:45:52","date_gmt":"2014-04-15T08:45:52","guid":{"rendered":"https:\/\/codexflores.ch\/index.php\/2014\/04\/15\/schweizer-musikzeitung-4-2014-april-2014\/"},"modified":"2014-04-15T08:45:52","modified_gmt":"2014-04-15T08:45:52","slug":"schweizer-musikzeitung-4-2014-april-2014","status":"publish","type":"post","link":"https:\/\/codexflores.ch\/index.php\/2014\/04\/15\/schweizer-musikzeitung-4-2014-april-2014\/","title":{"rendered":"Schweizer Musikzeitung 4\/14"},"content":{"rendered":"<p><span style=\"font-family: arial,helvetica,sans-serif; font-size: small;\"><strong><img decoding=\"async\" src=\"images\/zeitschriften_covers\/1404smz.jpg\" border=\"0\" alt=\"Cover SMZ\" style=\"float: left; margin: 8px;\" \/>Un monde complexe<\/strong><\/span><br \/><span style=\"font-family: arial,helvetica,sans-serif; font-size: small;\">La musique traditionnelle japonaise frappe par sa diversit\u00e9 et par une<\/span><br \/><span style=\"font-family: arial,helvetica,sans-serif; font-size: small;\">multitude de genres diff\u00e9rents<\/span><br \/><span style=\"font-family: arial,helvetica,sans-serif; font-size: small;\">Die traditionelle japanische Musik \u00fcberrascht mit ihrer Genrevielfalt<\/span><\/p>\n<p><span style=\"font-family: arial,helvetica,sans-serif; font-size: small;\"><strong>Le Suisse qui \u00e9crivait pour l\u2019op\u00e9ra traditionnel ta\u00efwanais<\/strong><\/span><br \/><span style=\"font-family: arial,helvetica,sans-serif; font-size: small;\">Entretien avec Michel Rochat, qui a travaill\u00e9 des ann\u00e9es en Extr\u00eame-Orient<\/span><br \/><span style=\"font-family: arial,helvetica,sans-serif; font-size: small;\">Interview mit Michel Rochat, der jahrelang in Fernost t\u00e4tig war<\/span><\/p>\n<p><strong><span style=\"font-family: arial,helvetica,sans-serif; font-size: small;\">Masseneinwanderung im Klassikbetrieb?<\/span><\/strong><br \/><span style=\"font-family: arial,helvetica,sans-serif; font-size: small;\">Musikerinnen und Musiker aus Asien in Europa<\/span><br \/><span style=\"font-family: arial,helvetica,sans-serif; font-size: small;\">Immigration de masse dans la musique classique ?<\/span><br \/><span style=\"font-family: arial,helvetica,sans-serif; font-size: small;\">Les musiciens et musiciennes asiatiques en Europe<\/span><\/p>\n<p><strong><span style=\"font-family: arial,helvetica,sans-serif; font-size: small;\">Im Gedenkjahr vergessen<\/span><\/strong><br \/><span style=\"font-family: arial,helvetica,sans-serif; font-size: small;\">Die Theresienst\u00e4dter Komponisten Ullmann, Kr\u00e1sa, Haas und Klein<\/span><br \/><span style=\"font-family: arial,helvetica,sans-serif; font-size: small;\">Les compositeurs de Theresienstadt : Ullmann, Kr\u00e1sa, Haas et Klein<\/span><\/p>\n<p><strong><span style=\"font-family: arial,helvetica,sans-serif; font-size: small;\">Welcome home<\/span><\/strong><br \/><span style=\"font-family: arial,helvetica,sans-serif; font-size: small;\">Der \u00f6sterreichische Komponist Georg Friedrich Haas blickt auf die Schweiz<\/span><\/p>\n<p><strong><span style=\"font-family: arial,helvetica,sans-serif; font-size: small;\">Resonance<\/span><\/strong><\/p>\n<p><span style=\"font-family: arial,helvetica,sans-serif; font-size: small;\">Un spectacle musical sur des textes d\u2019Alo\u00efse Corbaz<\/span><br \/><span style=\"font-family: arial,helvetica,sans-serif; font-size: small;\">Neues Dreigespann in der Tonhalle Z\u00fcrich<\/span><br \/><span style=\"font-family: arial,helvetica,sans-serif; font-size: small;\">Grobes und Feines aus der Schweiz an der MaerzMusik in Berlin<\/span><br \/><span style=\"font-family: arial,helvetica,sans-serif; font-size: small;\">Louis Niedermeyer est de retour<\/span><br \/><span style=\"font-family: arial,helvetica,sans-serif; font-size: small;\">Rezensionen Klassik \u2014 Nouvelles publications classiques<\/span><br \/><span style=\"font-family: arial,helvetica,sans-serif; font-size: small;\">Mauern, das Jetzt und der Tod: The bianca Story in Berlin<\/span><br \/><span style=\"font-family: arial,helvetica,sans-serif; font-size: small;\">Vom Altai bis in die Alpen mit dem Projekt \u00abAgulA\u00bb<\/span><br \/><span style=\"font-family: arial,helvetica,sans-serif; font-size: small;\">M\u00fcssen Orchester flexibler werden?<\/span><br \/><span style=\"font-family: arial,helvetica,sans-serif; font-size: small;\">Carte Blanche<\/span><\/p>\n<p><strong><span style=\"font-family: arial,helvetica,sans-serif; font-size: small;\">Campus<\/span><\/strong><\/p>\n<p><span style=\"font-family: arial,helvetica,sans-serif; font-size: small;\">Onstage : un si\u00e8cle et demi de programmes num\u00e9ris\u00e9s<\/span><br \/><span style=\"font-family: arial,helvetica,sans-serif; font-size: small;\">Kurskalender<\/span><br \/><span style=\"font-family: arial,helvetica,sans-serif; font-size: small;\">klaxon Kinderseite \u2014 page des enfants<\/span><\/p>\n<p><strong><span style=\"font-family: arial,helvetica,sans-serif; font-size: small;\">Service<\/span><\/strong><\/p>\n<p><span style=\"font-family: arial,helvetica,sans-serif; font-size: small;\">Nachrichten, Linkempfehlungen<\/span><\/p>\n","protected":false},"excerpt":{"rendered":"<p>Un monde complexeLa musique traditionnelle japonaise frappe par sa diversit\u00e9 et par unemultitude de genres diff\u00e9rentsDie traditionelle japanische Musik \u00fcberrascht&#8230;<\/p>\n","protected":false},"author":1,"featured_media":0,"comment_status":"open","ping_status":"open","sticky":false,"template":"","format":"standard","meta":{"footnotes":""},"categories":[10],"tags":[],"class_list":["post-1362","post","type-post","status-publish","format-standard","hentry","category-fachzeitschriften","entry"],"_links":{"self":[{"href":"https:\/\/codexflores.ch\/index.php\/wp-json\/wp\/v2\/posts\/1362","targetHints":{"allow":["GET"]}}],"collection":[{"href":"https:\/\/codexflores.ch\/index.php\/wp-json\/wp\/v2\/posts"}],"about":[{"href":"https:\/\/codexflores.ch\/index.php\/wp-json\/wp\/v2\/types\/post"}],"author":[{"embeddable":true,"href":"https:\/\/codexflores.ch\/index.php\/wp-json\/wp\/v2\/users\/1"}],"replies":[{"embeddable":true,"href":"https:\/\/codexflores.ch\/index.php\/wp-json\/wp\/v2\/comments?post=1362"}],"version-history":[{"count":0,"href":"https:\/\/codexflores.ch\/index.php\/wp-json\/wp\/v2\/posts\/1362\/revisions"}],"wp:attachment":[{"href":"https:\/\/codexflores.ch\/index.php\/wp-json\/wp\/v2\/media?parent=1362"}],"wp:term":[{"taxonomy":"category","embeddable":true,"href":"https:\/\/codexflores.ch\/index.php\/wp-json\/wp\/v2\/categories?post=1362"},{"taxonomy":"post_tag","embeddable":true,"href":"https:\/\/codexflores.ch\/index.php\/wp-json\/wp\/v2\/tags?post=1362"}],"curies":[{"name":"wp","href":"https:\/\/api.w.org\/{rel}","templated":true}]}}