{"id":1365,"date":"2014-04-17T05:59:34","date_gmt":"2014-04-17T05:59:34","guid":{"rendered":"https:\/\/codexflores.ch\/index.php\/2014\/04\/17\/schweiz-will-ueber-kulturprogramm-verhandeln\/"},"modified":"2014-04-17T05:59:34","modified_gmt":"2014-04-17T05:59:34","slug":"schweiz-will-ueber-kulturprogramm-verhandeln","status":"publish","type":"post","link":"https:\/\/codexflores.ch\/index.php\/2014\/04\/17\/schweiz-will-ueber-kulturprogramm-verhandeln\/","title":{"rendered":"Schweiz will \u00fcber Kulturprogramm verhandeln"},"content":{"rendered":"<p><span style=\"font-family: arial,helvetica,sans-serif; font-size: small;\">17.04.2014 &#8212; Der Schweizer Bundesrat hat ein Verhandlungsmandat \u00fcber die Teilnahme der Schweiz am EU-Programm Kultur 2014-2020 verabschiedet. Die Teilnahme ist nach der Schweizer Stornierung der Personenfreiz\u00fcgigkeit mit Kroatien offener denn je.<\/span><\/p>\n<p><strong><span style=\"font-family: arial,helvetica,sans-serif; font-size: small;\">17.04.2014 &#8212; Der Schweizer Bundesrat hat ein Verhandlungsmandat \u00fcber die Teilnahme der Schweiz am EU-Programm Kultur 2014-2020 verabschiedet. Die Teilnahme ist nach der Schweizer Stornierung der Personenfreiz\u00fcgigkeit mit Kroatien offener denn je.<\/span><\/strong><\/p>\n<p>\u00a0<\/p>\n<p>Das Programm Kultur bildet die Klammer um die kulturellen Aktivit\u00e4ten der Europ\u00e4ischen Union. Am laufenden Programm nehmen 38 europ\u00e4ische Staaten teil, was dieses zum wichtigsten Instrument der Kulturf\u00f6rderung auf europ\u00e4ischer Ebene macht.<\/p>\n<p>\u00a0<\/p>\n<p>Das Programm unterst\u00fctzt die grenz\u00fcberschreitende Mobilit\u00e4t der Kulturschaffenden und beg\u00fcnstigt die Verbreitung von k\u00fcnstlerischen Werken. Es ist mit einem Budget von 453 Millionen Euro f\u00fcr die Periode 2014 bis 2020 ausgestattet. Seit Januar 2014 ist es Teil des neuen Rahmenprogrammes <em>Kreatives Europa<\/em>, zu dem auch das Filmf\u00f6rderungsprogramm <em>Media<\/em> geh\u00f6rt. Zu <em>Media<\/em> hat der Bundesrat bereits im September 2013 ein Verhandlungsmandat verabschiedet.<\/p>\n<p>\u00a0<\/p>\n<p>Mit der definitiven Verabschiedung des Mandats erm\u00f6glicht der Bundesrat die rasche Aufnahme von Verhandlungen in diesem Bereich, sobald die Dossiers Kultur und Media von Seiten der EU deblockiert werden.<\/p>\n<p>\u00a0<\/p>\n<p>Nach der Stornierung der Personenfreiz\u00fcgigkeit mit Kroatien \u2013 eine Folge der Annahme der Masseneinwanderungsinitiative \u2013 hat die EU die Zusammenarbeit mit der Schweiz in Sachen Studentenaustausch und Forschung auf Eis gelegt. Auch der Kulturaustausch leidet unter den ver\u00e4nderten Beziehungen zwischen der Schweiz und der EU. <em>(cf)<\/em><\/p>\n<p><span style=\"font-family: arial,helvetica,sans-serif; font-size: small;\">\u00a0<\/span><\/p>\n<p>\u00a0<\/p>\n","protected":false},"excerpt":{"rendered":"<p><span style=\"font-family: arial,helvetica,sans-serif; font-size: small;\">17.04.2014 &#8212; Der Schweizer Bundesrat hat ein Verhandlungsmandat \u00fcber die Teilnahme der Schweiz am EU-Programm Kultur 2014-2020 verabschiedet. Die Teilnahme ist nach der Schweizer Stornierung der Personenfreiz\u00fcgigkeit mit Kroatien offener denn je.<\/span><\/p>\n","protected":false},"author":1,"featured_media":0,"comment_status":"open","ping_status":"open","sticky":false,"template":"","format":"standard","meta":{"footnotes":""},"categories":[2],"tags":[],"class_list":["post-1365","post","type-post","status-publish","format-standard","hentry","category-nachrichten","entry"],"_links":{"self":[{"href":"https:\/\/codexflores.ch\/index.php\/wp-json\/wp\/v2\/posts\/1365","targetHints":{"allow":["GET"]}}],"collection":[{"href":"https:\/\/codexflores.ch\/index.php\/wp-json\/wp\/v2\/posts"}],"about":[{"href":"https:\/\/codexflores.ch\/index.php\/wp-json\/wp\/v2\/types\/post"}],"author":[{"embeddable":true,"href":"https:\/\/codexflores.ch\/index.php\/wp-json\/wp\/v2\/users\/1"}],"replies":[{"embeddable":true,"href":"https:\/\/codexflores.ch\/index.php\/wp-json\/wp\/v2\/comments?post=1365"}],"version-history":[{"count":0,"href":"https:\/\/codexflores.ch\/index.php\/wp-json\/wp\/v2\/posts\/1365\/revisions"}],"wp:attachment":[{"href":"https:\/\/codexflores.ch\/index.php\/wp-json\/wp\/v2\/media?parent=1365"}],"wp:term":[{"taxonomy":"category","embeddable":true,"href":"https:\/\/codexflores.ch\/index.php\/wp-json\/wp\/v2\/categories?post=1365"},{"taxonomy":"post_tag","embeddable":true,"href":"https:\/\/codexflores.ch\/index.php\/wp-json\/wp\/v2\/tags?post=1365"}],"curies":[{"name":"wp","href":"https:\/\/api.w.org\/{rel}","templated":true}]}}