{"id":1366,"date":"2014-04-17T06:08:21","date_gmt":"2014-04-17T06:08:21","guid":{"rendered":"https:\/\/codexflores.ch\/index.php\/2014\/04\/17\/gewinner-des-echo-jazz-2014-bekanntgegeben\/"},"modified":"2014-04-17T06:08:21","modified_gmt":"2014-04-17T06:08:21","slug":"gewinner-des-echo-jazz-2014-bekanntgegeben","status":"publish","type":"post","link":"https:\/\/codexflores.ch\/index.php\/2014\/04\/17\/gewinner-des-echo-jazz-2014-bekanntgegeben\/","title":{"rendered":"Gewinner des Echo Jazz 2014 bekanntgegeben"},"content":{"rendered":"<p><span style=\"font-family: arial,helvetica,sans-serif; font-size: small;\">17.04.2014 &#8212; Wie die Deutsche Phono-Akademie bekanntgegeben hat, geh\u00f6ren in diesem Jahr Gregory Porter, der fr\u00fchere Trio Rio-Frontmann Peter Fessler und Gitarrenvirtuose Pat Metheny zu den Preistr\u00e4gern des Echo Jazz.<\/span><\/p>\n<p><strong><span style=\"font-family: arial,helvetica,sans-serif; font-size: small;\">17.04.2014 &#8212;\u00a0<span style=\"font-family: arial,helvetica,sans-serif; font-size: small;\">Wie die Deutsche Phono-Akademie bekanntgegeben hat, geh\u00f6ren in diesem Jahr Gregory Porter, der fr\u00fchere Trio Rio-Frontmann Peter Fessler und Gitarrenvirtuose Pat Metheny zu den Preistr\u00e4gern des Echo Jazz.<\/span><\/span><\/strong><\/p>\n<p><span style=\"font-family: arial,helvetica,sans-serif; font-size: small;\">\u00a0<\/span><\/p>\n<p><span style=\"font-family: arial,helvetica,sans-serif; font-size: small;\">Pianist Joachim K\u00fchn, der ebenfalls eine Troph\u00e4e erh\u00e4lt, wird live auf der B\u00fchne zu h\u00f6ren sein, genauso wie Trompeter Till Br\u00f6nner. Die Preise werden am 22. Mai in der Hamburger Kulturfabrik Kampnagel vergeben.<\/span><\/p>\n<p><span style=\"font-family: arial,helvetica,sans-serif; font-size: small;\">\u00a0<\/span><\/p>\n<p><span style=\"font-family: arial,helvetica,sans-serif; font-size: small;\">Zu den weiteren Preistr\u00e4gern z\u00e4hlen der Saxophonist Heinz Sauer und Pianist Michael Wollny, die einen Echo Jazz als Ensemble des Jahres national erhalten, Joshua Redman (Instrumentalist des Jahres international Saxophon\/ Woodwinds), der bereits im vergangenen Jahr live bei der Echo Jazz-Gala zu h\u00f6ren war, sowie der Kontrabassist Dave Holland (Instrumentalist des Jahres international Bass\/Bassgitarre). Die deutsche S\u00e4ngerin, Gitarristin und Big Band-Leaderin Monika Roscher erh\u00e4lt einen Echo Jazz als Newcomer des Jahres.<\/span><\/p>\n<p><span style=\"font-family: arial,helvetica,sans-serif; font-size: small;\">\u00a0<\/span><\/p>\n<p><span style=\"font-family: arial,helvetica,sans-serif; font-size: small;\">Eine \u00dcbersicht der diesj\u00e4hrigen Preistr\u00e4ger gibt es auf der Echo Jazz-Website unter <a href=\"http:\/\/www.echojazz.de\" target=\"_blank\" rel=\"noopener noreferrer\">www.echojazz.de<\/a>.<em> (cf)<\/em><br \/><\/span><\/p>\n<p>\u00a0<\/p>\n","protected":false},"excerpt":{"rendered":"<p><span style=\"font-family: arial,helvetica,sans-serif; font-size: small;\">17.04.2014 &#8212; Wie die Deutsche Phono-Akademie bekanntgegeben hat, geh\u00f6ren in diesem Jahr Gregory Porter, der fr\u00fchere Trio Rio-Frontmann Peter Fessler und Gitarrenvirtuose Pat Metheny zu den Preistr\u00e4gern des Echo Jazz.<\/span><\/p>\n","protected":false},"author":1,"featured_media":0,"comment_status":"open","ping_status":"open","sticky":false,"template":"","format":"standard","meta":{"footnotes":""},"categories":[2],"tags":[],"class_list":["post-1366","post","type-post","status-publish","format-standard","hentry","category-nachrichten","entry"],"_links":{"self":[{"href":"https:\/\/codexflores.ch\/index.php\/wp-json\/wp\/v2\/posts\/1366","targetHints":{"allow":["GET"]}}],"collection":[{"href":"https:\/\/codexflores.ch\/index.php\/wp-json\/wp\/v2\/posts"}],"about":[{"href":"https:\/\/codexflores.ch\/index.php\/wp-json\/wp\/v2\/types\/post"}],"author":[{"embeddable":true,"href":"https:\/\/codexflores.ch\/index.php\/wp-json\/wp\/v2\/users\/1"}],"replies":[{"embeddable":true,"href":"https:\/\/codexflores.ch\/index.php\/wp-json\/wp\/v2\/comments?post=1366"}],"version-history":[{"count":0,"href":"https:\/\/codexflores.ch\/index.php\/wp-json\/wp\/v2\/posts\/1366\/revisions"}],"wp:attachment":[{"href":"https:\/\/codexflores.ch\/index.php\/wp-json\/wp\/v2\/media?parent=1366"}],"wp:term":[{"taxonomy":"category","embeddable":true,"href":"https:\/\/codexflores.ch\/index.php\/wp-json\/wp\/v2\/categories?post=1366"},{"taxonomy":"post_tag","embeddable":true,"href":"https:\/\/codexflores.ch\/index.php\/wp-json\/wp\/v2\/tags?post=1366"}],"curies":[{"name":"wp","href":"https:\/\/api.w.org\/{rel}","templated":true}]}}