{"id":1369,"date":"2014-04-22T05:48:40","date_gmt":"2014-04-22T05:48:40","guid":{"rendered":"https:\/\/codexflores.ch\/index.php\/2014\/04\/22\/kammerorchester-basel-in-der-berliner-philharmonie\/"},"modified":"2014-04-22T05:48:40","modified_gmt":"2014-04-22T05:48:40","slug":"kammerorchester-basel-in-der-berliner-philharmonie","status":"publish","type":"post","link":"https:\/\/codexflores.ch\/index.php\/2014\/04\/22\/kammerorchester-basel-in-der-berliner-philharmonie\/","title":{"rendered":"Kammerorchester Basel in der Berliner Philharmonie"},"content":{"rendered":"<p><span style=\"font-family: arial,helvetica,sans-serif; font-size: small;\">22.04.2014 &#8212; Das Kammerorchester Basel gastiert zum ersten Mal im Grossen Saal der Berliner Philharmonie. Es begleitet den Tenor Rolando Villaz\u00f3n.<\/span><\/p>\n<p><strong><span style=\"font-family: arial,helvetica,sans-serif; font-size: small;\"><span style=\"font-family: arial,helvetica,sans-serif; font-size: small;\">22.04.2014 &#8212; Das Kammerorchester Basel gastiert zum ersten Mal im Grossen Saal der Berliner Philharmonie. Es begleitet den Tenor Rolando Villaz\u00f3n.<\/span><\/span><\/strong><\/p>\n<p><span style=\"font-family: arial,helvetica,sans-serif; font-size: small;\">\u00a0<\/span><\/p>\n<p><span style=\"font-family: arial,helvetica,sans-serif; font-size: small;\">Die Berliner Philharmonie stand zwar schon mehrfach auf dem Reiseplan des Basler Ensembles, aber immer nur der Kammermusiksaal mit seinen 1180 Sitzpl\u00e4tzen. Im Grossen Saal der Berliner Philharmonie mit seinen 2440 Pl\u00e4tzen ist es nun (am 2. Mai) erstmals zu h\u00f6ren. Mit dem Orchester auf der B\u00fchne steht der mexikanische Startenor Rolando Villaz\u00f3n.\u00a0<\/span><\/p>\n<p><span style=\"font-family: arial,helvetica,sans-serif; font-size: small;\">\u00a0<\/span><\/p>\n<p><span style=\"font-family: arial,helvetica,sans-serif; font-size: small;\">Die musikalische Leitung der Konzerte hat Florian Donderer inne, der als Konzertmeister und Dirigent bei der Deutschen Kammerphilharmonie Bremen und dem Scottish Chamber Orchestra amtet. Der zweite Teil der aktuellen Tournee f\u00fchrt das Orchester \u00fcberdies ins Konzerthaus Dortmund und die Cadogan Hall nach London. (cf)<\/span><\/p>\n","protected":false},"excerpt":{"rendered":"<p><span style=\"font-family: arial,helvetica,sans-serif; font-size: small;\">22.04.2014 &#8212; Das Kammerorchester Basel gastiert zum ersten Mal im Grossen Saal der Berliner Philharmonie. Es begleitet den Tenor Rolando Villaz\u00f3n.<\/span><\/p>\n","protected":false},"author":1,"featured_media":0,"comment_status":"open","ping_status":"open","sticky":false,"template":"","format":"standard","meta":{"footnotes":""},"categories":[2],"tags":[],"class_list":["post-1369","post","type-post","status-publish","format-standard","hentry","category-nachrichten","entry"],"_links":{"self":[{"href":"https:\/\/codexflores.ch\/index.php\/wp-json\/wp\/v2\/posts\/1369","targetHints":{"allow":["GET"]}}],"collection":[{"href":"https:\/\/codexflores.ch\/index.php\/wp-json\/wp\/v2\/posts"}],"about":[{"href":"https:\/\/codexflores.ch\/index.php\/wp-json\/wp\/v2\/types\/post"}],"author":[{"embeddable":true,"href":"https:\/\/codexflores.ch\/index.php\/wp-json\/wp\/v2\/users\/1"}],"replies":[{"embeddable":true,"href":"https:\/\/codexflores.ch\/index.php\/wp-json\/wp\/v2\/comments?post=1369"}],"version-history":[{"count":0,"href":"https:\/\/codexflores.ch\/index.php\/wp-json\/wp\/v2\/posts\/1369\/revisions"}],"wp:attachment":[{"href":"https:\/\/codexflores.ch\/index.php\/wp-json\/wp\/v2\/media?parent=1369"}],"wp:term":[{"taxonomy":"category","embeddable":true,"href":"https:\/\/codexflores.ch\/index.php\/wp-json\/wp\/v2\/categories?post=1369"},{"taxonomy":"post_tag","embeddable":true,"href":"https:\/\/codexflores.ch\/index.php\/wp-json\/wp\/v2\/tags?post=1369"}],"curies":[{"name":"wp","href":"https:\/\/api.w.org\/{rel}","templated":true}]}}