{"id":1373,"date":"2014-04-23T05:46:36","date_gmt":"2014-04-23T05:46:36","guid":{"rendered":"https:\/\/codexflores.ch\/index.php\/2014\/04\/23\/alward-verlaesst-die-salzburger-osterfestspiele\/"},"modified":"2014-04-23T05:46:36","modified_gmt":"2014-04-23T05:46:36","slug":"alward-verlaesst-die-salzburger-osterfestspiele","status":"publish","type":"post","link":"https:\/\/codexflores.ch\/index.php\/2014\/04\/23\/alward-verlaesst-die-salzburger-osterfestspiele\/","title":{"rendered":"Alward verl\u00e4sst die Salzburger Osterfestspiele"},"content":{"rendered":"<p>23.04.2014 &#8212; Peter Alward, der gesch\u00e4ftsf\u00fchrende Intendant der Osterfestspiele Salzburg, verl\u00e4ngert seinen Vertrag nicht. Er verl\u00e4sst die Spiele Ende Juni 2015.<\/p>\n<p><strong>23.04.2014 &#8212; Peter Alward, der gesch\u00e4ftsf\u00fchrende Intendant der Osterfestspiele Salzburg, verl\u00e4ngert seinen Vertrag nicht. Er verl\u00e4sst die Spiele Ende Juni 2015.<\/strong><\/p>\n<p>\u00a0<\/p>\n<p>Mit dem Erreichen des 65. Lebensjahres im Jahre 2015 sehe er den richtigen Zeitpunkt gekommen, seine Position zu \u00fcbergeben, schreibt Alward in einer offiziellen Erkl\u00e4rung zum Entscheid. Alward \u00fcbernahm 2010 kurzfristig die gesch\u00e4ftsf\u00fchrende Intendanz; im Jahr 2011 gewann er innerhalb von drei Wochen, nach der \u00fcberraschenden Entscheidung der Berliner Philharmoniker, ab 2013 nicht mehr in Salzburg zu Ostern aufzutreten, mit Christian Thielemann und der S\u00e4chsischen Staatskapelle Dresden ein neues k\u00fcnstlerisches Team f\u00fcr die Osterfestspiele. <em>(cf)<\/em><\/p>\n","protected":false},"excerpt":{"rendered":"<p>23.04.2014 &#8212; Peter Alward, der gesch\u00e4ftsf\u00fchrende Intendant der Osterfestspiele Salzburg, verl\u00e4ngert seinen Vertrag nicht. Er verl\u00e4sst die Spiele Ende Juni 2015.<\/p>\n","protected":false},"author":1,"featured_media":0,"comment_status":"open","ping_status":"open","sticky":false,"template":"","format":"standard","meta":{"footnotes":""},"categories":[2],"tags":[],"class_list":["post-1373","post","type-post","status-publish","format-standard","hentry","category-nachrichten","entry"],"_links":{"self":[{"href":"https:\/\/codexflores.ch\/index.php\/wp-json\/wp\/v2\/posts\/1373","targetHints":{"allow":["GET"]}}],"collection":[{"href":"https:\/\/codexflores.ch\/index.php\/wp-json\/wp\/v2\/posts"}],"about":[{"href":"https:\/\/codexflores.ch\/index.php\/wp-json\/wp\/v2\/types\/post"}],"author":[{"embeddable":true,"href":"https:\/\/codexflores.ch\/index.php\/wp-json\/wp\/v2\/users\/1"}],"replies":[{"embeddable":true,"href":"https:\/\/codexflores.ch\/index.php\/wp-json\/wp\/v2\/comments?post=1373"}],"version-history":[{"count":0,"href":"https:\/\/codexflores.ch\/index.php\/wp-json\/wp\/v2\/posts\/1373\/revisions"}],"wp:attachment":[{"href":"https:\/\/codexflores.ch\/index.php\/wp-json\/wp\/v2\/media?parent=1373"}],"wp:term":[{"taxonomy":"category","embeddable":true,"href":"https:\/\/codexflores.ch\/index.php\/wp-json\/wp\/v2\/categories?post=1373"},{"taxonomy":"post_tag","embeddable":true,"href":"https:\/\/codexflores.ch\/index.php\/wp-json\/wp\/v2\/tags?post=1373"}],"curies":[{"name":"wp","href":"https:\/\/api.w.org\/{rel}","templated":true}]}}