{"id":1374,"date":"2014-04-23T06:18:55","date_gmt":"2014-04-23T06:18:55","guid":{"rendered":"https:\/\/codexflores.ch\/index.php\/2014\/04\/23\/jansons-verlaesst-das-das-concertgebouw-orchester\/"},"modified":"2014-04-23T06:18:55","modified_gmt":"2014-04-23T06:18:55","slug":"jansons-verlaesst-das-das-concertgebouw-orchester","status":"publish","type":"post","link":"https:\/\/codexflores.ch\/index.php\/2014\/04\/23\/jansons-verlaesst-das-das-concertgebouw-orchester\/","title":{"rendered":"Jansons verl\u00e4sst das das Concertgebouw Orchester"},"content":{"rendered":"<p>23.04.2014 &#8212; Mariss Jansons l\u00e4sst seinen Vertrag als Chefdirigent des Amsterdamer Concertgebouw Orchesters ohne Verl\u00e4ngerung \u00fcberraschend zum Ende der Saison 2014\/15 auslaufen.<\/p>\n<p><strong>23.04.2014 &#8212; Mariss Jansons l\u00e4sst seinen Vertrag als Chefdirigent des Amsterdamer Concertgebouw Orchesters ohne Verl\u00e4ngerung \u00fcberraschend zum Ende der Saison 2014\/15 auslaufen.<\/strong><\/p>\n<p>\u00a0<\/p>\n<p>Man trenne sich unter guten Vorzeichen und in tiefem gegenseitigem Respekt, schreibt das Orchester dazu. Ob es auch nach der Abgabe des Chefpostens zu weiterer Zusammenarbeit kommt, ist noch Gegenstand von Verhandlungen zwischen dem Ensemble und dem Dirigenten.<\/p>\n<p>\u00a0<\/p>\n<p>Ab der Spielzeit <span class=\"nowrap\">2015<\/span> will sich der lettische Dirigent Jansons auf seine Arbeit mit den BR-Symphonikern konzentrieren. Den Vertrag mit dem M\u00fcncher Orchester hat er letztes Jahr bis August <span class=\"nowrap\">2018<\/span> verl\u00e4ngert.<\/p>\n<p>\u00a0<\/p>\n<p>Laut der <em>S\u00fcddeutschen Zeitung<\/em> fragen sich Kenner der Szene, ob hinter Jansons Entscheid gesundheitliche Gr\u00fcnde stehen k\u00f6nnten. Der 71-J\u00e4hrige leidet seit l\u00e4ngerem an Herzproblemen und musste in letzter Zeit vermehrt Konzerte absagen. Auf einer einer Tournee mit dem\u00a0Concertgebouw Orchester musste er einen Auftritt in Sydney vor Ort sogar abbrechen.<em> (cf)<\/em><\/p>\n","protected":false},"excerpt":{"rendered":"<p>23.04.2014 &#8212; Mariss Jansons l\u00e4sst seinen Vertrag als Chefdirigent des Amsterdamer Concertgebouw Orchesters ohne Verl\u00e4ngerung \u00fcberraschend zum Ende der Saison 2014\/15 auslaufen.<\/p>\n","protected":false},"author":1,"featured_media":0,"comment_status":"open","ping_status":"open","sticky":false,"template":"","format":"standard","meta":{"footnotes":""},"categories":[2],"tags":[],"class_list":["post-1374","post","type-post","status-publish","format-standard","hentry","category-nachrichten","entry"],"_links":{"self":[{"href":"https:\/\/codexflores.ch\/index.php\/wp-json\/wp\/v2\/posts\/1374","targetHints":{"allow":["GET"]}}],"collection":[{"href":"https:\/\/codexflores.ch\/index.php\/wp-json\/wp\/v2\/posts"}],"about":[{"href":"https:\/\/codexflores.ch\/index.php\/wp-json\/wp\/v2\/types\/post"}],"author":[{"embeddable":true,"href":"https:\/\/codexflores.ch\/index.php\/wp-json\/wp\/v2\/users\/1"}],"replies":[{"embeddable":true,"href":"https:\/\/codexflores.ch\/index.php\/wp-json\/wp\/v2\/comments?post=1374"}],"version-history":[{"count":0,"href":"https:\/\/codexflores.ch\/index.php\/wp-json\/wp\/v2\/posts\/1374\/revisions"}],"wp:attachment":[{"href":"https:\/\/codexflores.ch\/index.php\/wp-json\/wp\/v2\/media?parent=1374"}],"wp:term":[{"taxonomy":"category","embeddable":true,"href":"https:\/\/codexflores.ch\/index.php\/wp-json\/wp\/v2\/categories?post=1374"},{"taxonomy":"post_tag","embeddable":true,"href":"https:\/\/codexflores.ch\/index.php\/wp-json\/wp\/v2\/tags?post=1374"}],"curies":[{"name":"wp","href":"https:\/\/api.w.org\/{rel}","templated":true}]}}